{"id":1225,"date":"2023-04-13T01:26:56","date_gmt":"2023-04-13T01:26:56","guid":{"rendered":"http:\/\/www.fotoplus.com\/duas\/?p=1225"},"modified":"2023-04-13T01:38:04","modified_gmt":"2023-04-13T01:38:04","slug":"e-tudo-verdade-festival-de-documentarios-homenageia-h-g-flieg","status":"publish","type":"post","link":"https:\/\/fotoplus.com\/duas\/?p=1225","title":{"rendered":"\u00c9 (tudo) verdade: festival de document\u00e1rios homenageia H. G. Flieg"},"content":{"rendered":"\n<p>O festival internacional de document\u00e1rios &#8211;<strong> \u00c9 tudo verdade \/ It&#8217;all true 2023<\/strong> &#8211; em sua 28\u00aa edi\u00e7\u00e3o, a partir de 13 de abril de 2023, faz homenagem ao fot\u00f3grafo documental <strong>Hans G\u00fcnter Flieg<\/strong>.<br><br>Nascido em 1923, o fot\u00f3grafo comemora em julho seu centen\u00e1rio, o que motivou os organizadores do evento a utilizar autorretrato do jovem fot\u00f3grafo realizado no in\u00edcio da d\u00e9cada de 1940 no cartaz e em todos os materiais de difus\u00e3o do festival. Ativo no Brasil entre os anos 1940 e 1980, Flieg teve papel relevante na fotografia industrial e de publicidade a partir da cidade de S\u00e3o Paulo ao lado de outros profissionais como Peter Scheier (1908-1979) e Klaus Werner (1921-2018). Sua produ\u00e7\u00e3o fotogr\u00e1fica integra o acervo do Instituto Moreira Salles.<\/p>\n\n\n\n<figure class=\"wp-block-image size-full\"><img loading=\"lazy\" decoding=\"async\" width=\"518\" height=\"923\" src=\"http:\/\/www.fotoplus.com\/duas\/wp-content\/uploads\/2023\/04\/2023-ETV-cartaz.png\" alt=\"\" class=\"wp-image-1227\" srcset=\"https:\/\/fotoplus.com\/duas\/wp-content\/uploads\/2023\/04\/2023-ETV-cartaz.png 518w, https:\/\/fotoplus.com\/duas\/wp-content\/uploads\/2023\/04\/2023-ETV-cartaz-168x300.png 168w\" sizes=\"auto, (max-width: 518px) 85vw, 518px\" \/><figcaption class=\"wp-element-caption\">Cartaz da edi\u00e7\u00e3o 2023<\/figcaption><\/figure>\n\n\n\n<p><br>Assista o v\u00eddeo da coletiva de imprensa, realizada em 28.03.2023: a partir dos 17&#8242; Amir Labaki, diretor do evento, comenta a escolha.<\/p>\n\n\n\n<figure class=\"wp-block-embed is-type-video is-provider-youtube wp-block-embed-youtube wp-embed-aspect-16-9 wp-has-aspect-ratio\"><div class=\"wp-block-embed__wrapper\">\n<iframe loading=\"lazy\" title=\"Coletiva de Imprensa | \u00c9 Tudo Verdade 2023\" width=\"840\" height=\"473\" src=\"https:\/\/www.youtube.com\/embed\/-vDjbjEIso8?feature=oembed\" frameborder=\"0\" allow=\"accelerometer; autoplay; clipboard-write; encrypted-media; gyroscope; picture-in-picture; web-share\" allowfullscreen><\/iframe>\n<\/div><\/figure>\n\n\n\n<p><\/p>\n\n\n\n<p>Vinheta do evento<\/p>\n\n\n\n<figure class=\"wp-block-embed is-type-video is-provider-youtube wp-block-embed-youtube wp-embed-aspect-16-9 wp-has-aspect-ratio\"><div class=\"wp-block-embed__wrapper\">\n<iframe loading=\"lazy\" title=\"Vinheta | 28\u00b0 \u00c9 Tudo Verdade - Festival Internacional de Document\u00e1rios\" width=\"840\" height=\"473\" src=\"https:\/\/www.youtube.com\/embed\/fExNyXfBsgk?feature=oembed\" frameborder=\"0\" allow=\"accelerometer; autoplay; clipboard-write; encrypted-media; gyroscope; picture-in-picture; web-share\" allowfullscreen><\/iframe>\n<\/div><\/figure>\n\n\n\n<p><strong>Festival \u00c9 tudo verdade<\/strong>  <a rel=\"noreferrer noopener\" href=\"http:\/\/etudoverdade.com.br\" target=\"_blank\">http:\/\/etudoverdade.com.br<\/a>    &#8211; Vinheta<br><br>Conhe\u00e7a tamb\u00e9m:<br><strong><em>Instituto Moreira Salles<\/em><\/strong> &#8211; hotsite: <a rel=\"noreferrer noopener\" href=\"https:\/\/ims.com.br\/titular-colecao\/hans-gunter-flieg\/\" target=\"_blank\">https:\/\/ims.com.br<\/a><br><strong><em>Flieg de Bolso<\/em><\/strong>, p\u00e1gina do projeto FotoPlus, com base de dados sobre a produ\u00e7\u00e3o: <a rel=\"noreferrer noopener\" href=\"http:\/\/fotoplus.com\/flieg\/\" target=\"_blank\">http:\/\/fotoplus.com\/flieg\/<\/a><\/p>\n\n\n\n<p><\/p>\n","protected":false},"excerpt":{"rendered":"<p>Homenagem ao fot\u00f3grafo Hans Gunter Flieg no cartaz do festival \u00c9 tudo verdade 2023<\/p>\n","protected":false},"author":2,"featured_media":0,"comment_status":"closed","ping_status":"open","sticky":false,"template":"","format":"standard","meta":{"footnotes":""},"categories":[95],"tags":[128,100,127],"class_list":["post-1225","post","type-post","status-publish","format-standard","hentry","category-fliegdebolso","tag-e-tudo-verdade-2023","tag-hans-gunter-flieg","tag-homenagem"],"_links":{"self":[{"href":"https:\/\/fotoplus.com\/duas\/index.php?rest_route=\/wp\/v2\/posts\/1225","targetHints":{"allow":["GET"]}}],"collection":[{"href":"https:\/\/fotoplus.com\/duas\/index.php?rest_route=\/wp\/v2\/posts"}],"about":[{"href":"https:\/\/fotoplus.com\/duas\/index.php?rest_route=\/wp\/v2\/types\/post"}],"author":[{"embeddable":true,"href":"https:\/\/fotoplus.com\/duas\/index.php?rest_route=\/wp\/v2\/users\/2"}],"replies":[{"embeddable":true,"href":"https:\/\/fotoplus.com\/duas\/index.php?rest_route=%2Fwp%2Fv2%2Fcomments&post=1225"}],"version-history":[{"count":6,"href":"https:\/\/fotoplus.com\/duas\/index.php?rest_route=\/wp\/v2\/posts\/1225\/revisions"}],"predecessor-version":[{"id":1234,"href":"https:\/\/fotoplus.com\/duas\/index.php?rest_route=\/wp\/v2\/posts\/1225\/revisions\/1234"}],"wp:attachment":[{"href":"https:\/\/fotoplus.com\/duas\/index.php?rest_route=%2Fwp%2Fv2%2Fmedia&parent=1225"}],"wp:term":[{"taxonomy":"category","embeddable":true,"href":"https:\/\/fotoplus.com\/duas\/index.php?rest_route=%2Fwp%2Fv2%2Fcategories&post=1225"},{"taxonomy":"post_tag","embeddable":true,"href":"https:\/\/fotoplus.com\/duas\/index.php?rest_route=%2Fwp%2Fv2%2Ftags&post=1225"}],"curies":[{"name":"wp","href":"https:\/\/api.w.org\/{rel}","templated":true}]}}