{"id":36,"date":"2018-12-05T21:46:08","date_gmt":"2018-12-06T00:46:08","guid":{"rendered":"http:\/\/fotoplus.com\/catalog\/?p=36"},"modified":"2025-12-21T21:00:38","modified_gmt":"2025-12-22T00:00:38","slug":"tanacan","status":"publish","type":"post","link":"https:\/\/fotoplus.com\/catalog\/?p=36","title":{"rendered":"Tainacan: uma ferramenta para WordPress"},"content":{"rendered":"<p><strong>Tainacan<\/strong> \u00e9 uma ferramenta para WordPress que possibilita a gest\u00e3o e a publica\u00e7\u00e3o de cole\u00e7\u00f5es digitais. Come\u00e7a a ser adotada no Brasil por institui\u00e7\u00f5es como MHN e Museu do \u00cdndio, ambas no Rio de Janeiro.<\/p>\n<p><strong>Institui\u00e7\u00f5es com bases implantadas<\/strong> <br \/>(atualizado em: 2025.12.21):<\/p>\n<p>.Centro Cultural S\u00e3o Paulo &#8211; CCSP\/SMC (2024 ca)<br \/>.Memorial da Resist\u00eancia de S\u00e3o Paulo (2025 ca)<br \/>.Museu Paulista-USP (2022.09, uso extensivo)<\/p>\n<p>link direto:<strong> <a href=\"http:\/\/tainacan.org\/\" target=\"_blank\" rel=\"noopener noreferrer\">http:\/\/tainacan.org\/<\/a><\/strong><\/p>\n<p>.inserido por: 2018.12.05 \u2013 RM<\/p>\n\n\n<hr class=\"wp-block-separator has-alpha-channel-opacity\"\/>\n\n\n\n<p>Acesse uma<strong> introdu\u00e7\u00e3o ao Tainacan <\/strong>por Leonardo Germani (2019)<br>5 v\u00eddeos (7 a 12&#8242;)<br><br><a href=\"https:\/\/tainacan.org\/blog\/2019\/03\/06\/criando-acervos-digitais-com-o-tainacan\/\" target=\"_blank\" rel=\"noreferrer noopener\">https:\/\/tainacan.org\/blog\/2019\/03\/06\/criando-acervos-digitais-com-o-tainacan\/<\/a><br><br><\/p>\n\n\n\n<hr class=\"wp-block-separator has-alpha-channel-opacity\"\/>\n\n\n\n<p><strong>Eventos relacionados<\/strong><br>(ordem cronol\u00f3gica crescente)<br><\/p>\n\n\n\n<hr class=\"wp-block-separator has-alpha-channel-opacity is-style-wide\"\/>\n\n\n\n<p><strong>Live, 30.09.2022, Instagram do Museu do Ipirang<\/strong>a (MP-USP)<br>.conversa com <strong>Luciana Conrado Martins<\/strong> (Bras\u00edlia), sobre a implanta\u00e7\u00e3o do sistema no museu (52&#8242;)<br><a href=\"http:\/\/instagram.com\/museudoipiranga\" target=\"_blank\" rel=\"noreferrer noopener\">http:\/\/instagram.com\/museudoipiranga<\/a><br><a href=\"https:\/\/www.instagram.com\/reel\/CjJY4zxORNt\/\" target=\"_blank\" rel=\"noreferrer noopener\">https:\/\/www.instagram.com\/reel\/CjJY4zxORNt\/<\/a> (v\u00eddeo)<\/p>\n\n\n\n<figure class=\"wp-block-image size-full\"><a href=\"http:\/\/www.fotoplus.com\/catalog\/wp-content\/uploads\/2022\/09\/Screenshot-2022-09-30-at-18-54-24-Museu-do-Ipiranga-@museudoipiranga-\u2022-Fotos-e-videos-do-Instagram.png\"><img loading=\"lazy\" decoding=\"async\" width=\"490\" height=\"872\" src=\"http:\/\/www.fotoplus.com\/catalog\/wp-content\/uploads\/2022\/09\/Screenshot-2022-09-30-at-18-54-24-Museu-do-Ipiranga-@museudoipiranga-\u2022-Fotos-e-videos-do-Instagram.png\" alt=\"\" class=\"wp-image-232\" srcset=\"https:\/\/fotoplus.com\/catalog\/wp-content\/uploads\/2022\/09\/Screenshot-2022-09-30-at-18-54-24-Museu-do-Ipiranga-@museudoipiranga-\u2022-Fotos-e-videos-do-Instagram.png 490w, https:\/\/fotoplus.com\/catalog\/wp-content\/uploads\/2022\/09\/Screenshot-2022-09-30-at-18-54-24-Museu-do-Ipiranga-@museudoipiranga-\u2022-Fotos-e-videos-do-Instagram-169x300.png 169w\" sizes=\"auto, (max-width: 490px) 85vw, 490px\" \/><\/a><figcaption class=\"wp-element-caption\">Instagram Museu do Ipiranga, 30.09.2022<\/figcaption><\/figure>\n\n\n\n<hr class=\"wp-block-separator has-alpha-channel-opacity is-style-wide\"\/>\n\n\n\n<p><strong>Semin\u00e1rio Tainacan [Arquivos] \u2013 Necessidades, Experi\u00eancias e Desafios<\/strong><\/p>\n\n\n\n<p>Atividade presencial e online, <strong>03-04.12.2025.<\/strong><br><strong>Memorial da Resist\u00eancia de S\u00e3o Paulo<\/strong>.<br>Promo\u00e7\u00e3o do Programa Pr\u00f3-Mem\u00f3rias do Instituto Galo da Manh\u00e3, em parceria com a Universidade de Bras\u00edlia (UnB), o Instituto Brasileiro de Museus (Ibram) e o Memorial da Resist\u00eancia.<br>.link (<a href=\"https:\/\/memorialdaresistenciasp.org.br\/noticias\/seminario-sobre-gestao-de-acervos-no-brasil-acontece-no-memorial-da-resistencia\/\" target=\"_blank\" rel=\"noreferrer noopener\">mat\u00e9ria<\/a>)<br><a href=\"https:\/\/memorialdaresistenciasp.org.br\" target=\"_blank\" rel=\"noreferrer noopener\">https:\/\/memorialdaresistenciasp.org.br<\/a><\/p>\n\n\n\n<p>&#8220;O Semin\u00e1rio visa debater estrat\u00e9gias de forma\u00e7\u00e3o, dissemina\u00e7\u00e3o e otimiza\u00e7\u00e3o do Tainacan, software brasileiro gratuito e de c\u00f3digo aberto para gest\u00e3o e publica\u00e7\u00e3o, a fim de ampliar o acesso digital a acervos p\u00fablicos, comunit\u00e1rios, institucionais e pessoais.&#8221;<br><br>.dispon\u00edvel no You Tube: <br><a href=\"https:\/\/www.youtube.com\/c\/MemorialdaResist%C3%AAncia\/\" target=\"_blank\" rel=\"noreferrer noopener\">https:\/\/www.youtube.com\/c\/MemorialdaResist%C3%AAncia\/<\/a> (3 v\u00eddeos)<br>.<a href=\"https:\/\/www.youtube.com\/watch?v=k6-owVhaQqc\" target=\"_blank\" rel=\"noreferrer noopener\">v\u00eddeo <\/a>1 (mesas 1 e 2); <a href=\"https:\/\/www.youtube.com\/watch?v=ssq2pte8al0\" target=\"_blank\" rel=\"noreferrer noopener\">v\u00eddeo <\/a>(mesa 3 e 4)<br><br>Confira a <strong>programa\u00e7\u00e3o completa<\/strong> (<a href=\"http:\/\/www.fotoplus.com\/catalog\/wp-content\/uploads\/2025\/12\/20251203-SP-FH-Seminario-Tainacan-Memorial-da-resistencia-20251221.pdf\" target=\"_blank\" rel=\"noreferrer noopener\">PDF<\/a>)<\/p>\n\n\n\n<p><strong>3 de dezembro de 2025 (quarta-feira)<\/strong><br><strong>10h30 | <\/strong>Mesa de abertura <br><strong>11h00 \u2013 13h00<\/strong> | Mesa 1\u2013 O usu\u00e1rio e suas necessidades em software de descri\u00e7\u00e3o<br><strong>14h30 \u2013 17h00<\/strong> | Mesa 2\u2013 Experi\u00eancias no uso do Tainacan para descri\u00e7\u00e3o de documentos<br><strong>17h30 \u2013 18h00<\/strong> | S\u00edntese do dia<\/p>\n\n\n\n<p><strong>4<strong> de dezembro de 2025 (quinta-feira)<\/strong><\/strong><\/p>\n\n\n\n<p><strong>10h30 \u2013 13h00<\/strong> | Mesa 3 \u2013 Necessidades de software para descri\u00e7\u00e3o de arquivos<br><strong>14h30 \u2013 16h30<\/strong> | Mesa 4 \u2013 Cen\u00e1rios e perspectivas para o Tainacan<br><strong>17h00 \u2013 17h30<\/strong> | S\u00edntese do dia<br>1<strong>7h30 \u2013 18h00<\/strong> | Mesa de encerramento<br>S\u00edntese final e recomenda\u00e7\u00f5es conjuntas para o futuro do Tainacan em arquivos permanentes (Ibram \/ UnB \/ Pr\u00f3-Mem\u00f3rias).<br><br>.inserido por: 2025.12.21 \u2013 RM<\/p>\n\n\n\n<p><\/p>\n\n\n\n<p><br><\/p>\n","protected":false},"excerpt":{"rendered":"<p>Tainacan \u00e9 uma ferramenta para WordPress que possibilita a gest\u00e3o e a publica\u00e7\u00e3o de cole\u00e7\u00f5es digitais. Come\u00e7a a ser adotada no Brasil por institui\u00e7\u00f5es como MHN e Museu do \u00cdndio, ambas no Rio de Janeiro. Institui\u00e7\u00f5es com bases implantadas (atualizado em: 2025.12.21): .Centro Cultural S\u00e3o Paulo &#8211; CCSP\/SMC (2024 ca).Memorial da Resist\u00eancia de S\u00e3o Paulo &hellip; <a href=\"https:\/\/fotoplus.com\/catalog\/?p=36\" class=\"more-link\">Continue lendo<span class=\"screen-reader-text\"> &#8220;Tainacan: uma ferramenta para WordPress&#8221;<\/span><\/a><\/p>\n","protected":false},"author":1,"featured_media":0,"comment_status":"closed","ping_status":"open","sticky":false,"template":"","format":"standard","meta":{"footnotes":""},"categories":[14,10,4],"tags":[13,12,11],"class_list":["post-36","post","type-post","status-publish","format-standard","hentry","category-gestao","category-publicacao","category-software","tag-freeware","tag-internet","tag-wordpress"],"_links":{"self":[{"href":"https:\/\/fotoplus.com\/catalog\/index.php?rest_route=\/wp\/v2\/posts\/36","targetHints":{"allow":["GET"]}}],"collection":[{"href":"https:\/\/fotoplus.com\/catalog\/index.php?rest_route=\/wp\/v2\/posts"}],"about":[{"href":"https:\/\/fotoplus.com\/catalog\/index.php?rest_route=\/wp\/v2\/types\/post"}],"author":[{"embeddable":true,"href":"https:\/\/fotoplus.com\/catalog\/index.php?rest_route=\/wp\/v2\/users\/1"}],"replies":[{"embeddable":true,"href":"https:\/\/fotoplus.com\/catalog\/index.php?rest_route=%2Fwp%2Fv2%2Fcomments&post=36"}],"version-history":[{"count":28,"href":"https:\/\/fotoplus.com\/catalog\/index.php?rest_route=\/wp\/v2\/posts\/36\/revisions"}],"predecessor-version":[{"id":322,"href":"https:\/\/fotoplus.com\/catalog\/index.php?rest_route=\/wp\/v2\/posts\/36\/revisions\/322"}],"wp:attachment":[{"href":"https:\/\/fotoplus.com\/catalog\/index.php?rest_route=%2Fwp%2Fv2%2Fmedia&parent=36"}],"wp:term":[{"taxonomy":"category","embeddable":true,"href":"https:\/\/fotoplus.com\/catalog\/index.php?rest_route=%2Fwp%2Fv2%2Fcategories&post=36"},{"taxonomy":"post_tag","embeddable":true,"href":"https:\/\/fotoplus.com\/catalog\/index.php?rest_route=%2Fwp%2Fv2%2Ftags&post=36"}],"curies":[{"name":"wp","href":"https:\/\/api.w.org\/{rel}","templated":true}]}}