{"id":958,"date":"2020-07-05T08:26:16","date_gmt":"2020-07-05T11:26:16","guid":{"rendered":"http:\/\/www.fotoplus.com\/acesso\/?p=958"},"modified":"2020-07-05T08:29:08","modified_gmt":"2020-07-05T11:29:08","slug":"revista-acropole","status":"publish","type":"post","link":"https:\/\/fotoplus.com\/acesso\/?p=958","title":{"rendered":"Revista &#8220;Acr\u00f3pole&#8221; (1938-1971)"},"content":{"rendered":"\n<p>&#8220;Lan\u00e7ado como peri\u00f3dico mensal em maio de 1938 sob a dire\u00e7\u00e3o de Roberto  A. Corr\u00eaa de Brito, a partir de 1953 Max M. Gruenwald o dirigiu at\u00e9 a  derradeira edi\u00e7\u00e3o n\u00ba 390\/391 de novembro\/dezembro de 1971.&#8221; (site FAU-USP).<\/p>\n\n\n\n<p> O projeto de digitaliza\u00e7\u00e3o da cole\u00e7\u00e3o da revista <strong>Acr\u00f3pole <\/strong>(SP, 1938-1971), a partir do acervo da Biblioteda da FAU-USP, foi coordenado por Hugo Segawa e Marcia Rosseto, estando dispon\u00edvel online desde 2014.<\/p>\n\n\n\n<p>.link direto: <a href=\"http:\/\/www.acropole.fau.usp.br\/\" target=\"_blank\" rel=\"noreferrer noopener\" aria-label=\"http:\/\/www.acropole.fau.usp.br\/ (abre numa nova aba)\">http:\/\/www.acropole.fau.usp.br\/<\/a><\/p>\n\n\n\n<p>.<strong>link gen\u00e9rico<\/strong>: <a rel=\"noreferrer noopener\" aria-label=\"http:\/\/www.fau.usp.br (abre numa nova aba)\" href=\"http:\/\/www.fau.usp.br\" target=\"_blank\">http:\/\/www.fau.usp.br<\/a><\/p>\n\n\n\n<p> .<strong>inser\u00e7\u00e3o em<\/strong>: 2020.07.05 \u2013 RM  <br><\/p>\n","protected":false},"excerpt":{"rendered":"<p>&#8220;Lan\u00e7ado como peri\u00f3dico mensal em maio de 1938 sob a dire\u00e7\u00e3o de Roberto A. Corr\u00eaa de Brito, a partir de 1953 Max M. Gruenwald o dirigiu at\u00e9 a derradeira edi\u00e7\u00e3o n\u00ba 390\/391 de novembro\/dezembro de 1971.&#8221; (site FAU-USP). O projeto de digitaliza\u00e7\u00e3o da cole\u00e7\u00e3o da revista Acr\u00f3pole (SP, 1938-1971), a partir do acervo da Biblioteda &hellip; <a href=\"https:\/\/fotoplus.com\/acesso\/?p=958\" class=\"more-link\">Continue lendo<span class=\"screen-reader-text\"> &#8220;Revista &#8220;Acr\u00f3pole&#8221; (1938-1971)&#8221;<\/span><\/a><\/p>\n","protected":false},"author":1,"featured_media":0,"comment_status":"closed","ping_status":"closed","sticky":false,"template":"","format":"standard","meta":{"footnotes":""},"categories":[2,22,25,31,41,46],"tags":[226,228,227,210],"class_list":["post-958","post","type-post","status-publish","format-standard","hentry","category-arquitetura","category-historia","category-historia-sao-paulo-cidade","category-imprensa-2","category-revistas","category-urbanismo","tag-acropole-revista","tag-arquitetura-seculo-xx","tag-arquitetura-paulistana","tag-fau-usp"],"_links":{"self":[{"href":"https:\/\/fotoplus.com\/acesso\/index.php?rest_route=\/wp\/v2\/posts\/958","targetHints":{"allow":["GET"]}}],"collection":[{"href":"https:\/\/fotoplus.com\/acesso\/index.php?rest_route=\/wp\/v2\/posts"}],"about":[{"href":"https:\/\/fotoplus.com\/acesso\/index.php?rest_route=\/wp\/v2\/types\/post"}],"author":[{"embeddable":true,"href":"https:\/\/fotoplus.com\/acesso\/index.php?rest_route=\/wp\/v2\/users\/1"}],"replies":[{"embeddable":true,"href":"https:\/\/fotoplus.com\/acesso\/index.php?rest_route=%2Fwp%2Fv2%2Fcomments&post=958"}],"version-history":[{"count":3,"href":"https:\/\/fotoplus.com\/acesso\/index.php?rest_route=\/wp\/v2\/posts\/958\/revisions"}],"predecessor-version":[{"id":961,"href":"https:\/\/fotoplus.com\/acesso\/index.php?rest_route=\/wp\/v2\/posts\/958\/revisions\/961"}],"wp:attachment":[{"href":"https:\/\/fotoplus.com\/acesso\/index.php?rest_route=%2Fwp%2Fv2%2Fmedia&parent=958"}],"wp:term":[{"taxonomy":"category","embeddable":true,"href":"https:\/\/fotoplus.com\/acesso\/index.php?rest_route=%2Fwp%2Fv2%2Fcategories&post=958"},{"taxonomy":"post_tag","embeddable":true,"href":"https:\/\/fotoplus.com\/acesso\/index.php?rest_route=%2Fwp%2Fv2%2Ftags&post=958"}],"curies":[{"name":"wp","href":"https:\/\/api.w.org\/{rel}","templated":true}]}}