{"id":887,"date":"2018-11-27T20:41:40","date_gmt":"2018-11-27T23:41:40","guid":{"rendered":"http:\/\/www.fotoplus.com\/acesso\/?p=887"},"modified":"2018-11-27T20:41:40","modified_gmt":"2018-11-27T23:41:40","slug":"arquivo-vilem-flusser-sao-paulo-acesso-digital","status":"publish","type":"post","link":"https:\/\/fotoplus.com\/acesso\/?p=887","title":{"rendered":"Arquivo Vil\u00e9m Flusser S\u00e3o Paulo: acesso digital"},"content":{"rendered":"<p>O <strong>Arquivo Vil\u00e9m Flusser S\u00e3o Paulo<\/strong>, parceiro da unidade de Berlim, dedicado \u00e0\u00a0 obra do fil\u00f3sofo transnacional Vil\u00e9m Flusser (1920-1991), oferece agora acesso \u00e0 sua produ\u00e7\u00e3o escrita pelo site institucional.<\/p>\n<p>Cobrindo de textos para jornais, confer\u00eancias, correspond\u00eancias&#8230;,\u00a0 \u00e9 poss\u00edvel, mediante cadastro pr\u00e9vio, a consulta online. Existe ainda a op\u00e7\u00e3o de download dos \u00edndices de textos, \u00e1udios e v\u00eddeos.<\/p>\n<ul>\n<li><strong>link direto<\/strong>: <a href=\"http:\/\/www.arquivovilemflussersp.com.br\/vilemflusser\/?page_id=672\" target=\"_blank\" rel=\"noopener\">http:\/\/www.arquivovilemflussersp.com.br\/vilemflusser\/?page_id=672<\/a><\/li>\n<li><strong>link gen\u00e9rico<\/strong>: <a href=\"http:\/\/www.arquivovilemflussersp.com.br\/vilemflusser\/\" target=\"_blank\" rel=\"noopener\">http:\/\/www.arquivovilemflussersp.com.br<\/a><\/li>\n<\/ul>\n<p>inser\u00e7\u00e3o em: 2018.11.27 \u2013 RM<\/p>\n","protected":false},"excerpt":{"rendered":"<p>O Arquivo Vil\u00e9m Flusser S\u00e3o Paulo, parceiro da unidade de Berlim, dedicado \u00e0\u00a0 obra do fil\u00f3sofo transnacional Vil\u00e9m Flusser (1920-1991), oferece agora acesso \u00e0 sua produ\u00e7\u00e3o escrita pelo site institucional. Cobrindo de textos para jornais, confer\u00eancias, correspond\u00eancias&#8230;,\u00a0 \u00e9 poss\u00edvel, mediante cadastro pr\u00e9vio, a consulta online. Existe ainda a op\u00e7\u00e3o de download dos \u00edndices de textos, &hellip; <a href=\"https:\/\/fotoplus.com\/acesso\/?p=887\" class=\"more-link\">Continue lendo<span class=\"screen-reader-text\"> &#8220;Arquivo Vil\u00e9m Flusser S\u00e3o Paulo: acesso digital&#8221;<\/span><\/a><\/p>\n","protected":false},"author":1,"featured_media":0,"comment_status":"closed","ping_status":"closed","sticky":false,"template":"","format":"standard","meta":{"footnotes":""},"categories":[28],"tags":[205,202,200,203,201,204],"class_list":["post-887","post","type-post","status-publish","format-standard","hentry","category-historia-da-fotografia","tag-arquivo-vilem-flusser-sao-paulo","tag-comunicacao","tag-filosofia","tag-filosofia-da-comunicacao","tag-filosofia-da-fotografia","tag-vilem-flusser"],"_links":{"self":[{"href":"https:\/\/fotoplus.com\/acesso\/index.php?rest_route=\/wp\/v2\/posts\/887","targetHints":{"allow":["GET"]}}],"collection":[{"href":"https:\/\/fotoplus.com\/acesso\/index.php?rest_route=\/wp\/v2\/posts"}],"about":[{"href":"https:\/\/fotoplus.com\/acesso\/index.php?rest_route=\/wp\/v2\/types\/post"}],"author":[{"embeddable":true,"href":"https:\/\/fotoplus.com\/acesso\/index.php?rest_route=\/wp\/v2\/users\/1"}],"replies":[{"embeddable":true,"href":"https:\/\/fotoplus.com\/acesso\/index.php?rest_route=%2Fwp%2Fv2%2Fcomments&post=887"}],"version-history":[{"count":1,"href":"https:\/\/fotoplus.com\/acesso\/index.php?rest_route=\/wp\/v2\/posts\/887\/revisions"}],"predecessor-version":[{"id":888,"href":"https:\/\/fotoplus.com\/acesso\/index.php?rest_route=\/wp\/v2\/posts\/887\/revisions\/888"}],"wp:attachment":[{"href":"https:\/\/fotoplus.com\/acesso\/index.php?rest_route=%2Fwp%2Fv2%2Fmedia&parent=887"}],"wp:term":[{"taxonomy":"category","embeddable":true,"href":"https:\/\/fotoplus.com\/acesso\/index.php?rest_route=%2Fwp%2Fv2%2Fcategories&post=887"},{"taxonomy":"post_tag","embeddable":true,"href":"https:\/\/fotoplus.com\/acesso\/index.php?rest_route=%2Fwp%2Fv2%2Ftags&post=887"}],"curies":[{"name":"wp","href":"https:\/\/api.w.org\/{rel}","templated":true}]}}