{"id":868,"date":"2018-10-31T01:21:03","date_gmt":"2018-10-31T04:21:03","guid":{"rendered":"http:\/\/fotoplus.com\/acesso\/?p=868"},"modified":"2018-10-31T01:33:48","modified_gmt":"2018-10-31T04:33:48","slug":"arquivo-publico-mineiro-imprensa-mineira-e-iconografia","status":"publish","type":"post","link":"https:\/\/fotoplus.com\/acesso\/?p=868","title":{"rendered":"Arquivo P\u00fablico Mineiro &#8211; Imprensa mineira e Fotografia"},"content":{"rendered":"<p>O <strong>Arquivo P\u00fablico Mineiro <\/strong>oferece desde 2007 o acesso online a conjuntos documentais. Em 2013, o acesso j\u00e1 oferecia um total de 1 milh\u00e3o de imagens. O destaque aqui vai para a cole\u00e7\u00e3o de jornais mineiros do s\u00e9culo XIX e a cole\u00e7\u00e3o fotogr\u00e1fica.<\/p>\n<p><strong>.link direto<\/strong>:<a href=\"http:\/\/www.siaapm.cultura.mg.gov.br\/modules\/jornais\/search.php\" target=\"_blank\" rel=\"noopener\"> http:\/\/www.siaapm.cultura.mg.gov.br\/modules\/jornais\/search.php<\/a> (jornais)<\/p>\n<p><strong>.link direto<\/strong>: <a href=\"http:\/\/www.siaapm.cultura.mg.gov.br\/modules\/fotografico_docs\/\" target=\"_blank\" rel=\"noopener\">http:\/\/www.siaapm.cultura.mg.gov.br\/modules\/fotografico_docs\/<\/a> (fotografia)<\/p>\n<p>.<strong>link gen\u00e9rico<\/strong>: <a href=\"http:\/\/www.siaapm.cultura.mg.gov.br\/\" target=\"_blank\" rel=\"noopener\">http:\/\/www.siaapm.cultura.mg.gov.br\/\u00a0<\/a><\/p>\n<p>.inser\u00e7\u00e3o em: 2018.10.30 &#8211; RM<\/p>\n","protected":false},"excerpt":{"rendered":"<p>O Arquivo P\u00fablico Mineiro oferece desde 2007 o acesso online a conjuntos documentais. Em 2013, o acesso j\u00e1 oferecia um total de 1 milh\u00e3o de imagens. O destaque aqui vai para a cole\u00e7\u00e3o de jornais mineiros do s\u00e9culo XIX e a cole\u00e7\u00e3o fotogr\u00e1fica. .link direto: http:\/\/www.siaapm.cultura.mg.gov.br\/modules\/jornais\/search.php (jornais) .link direto: http:\/\/www.siaapm.cultura.mg.gov.br\/modules\/fotografico_docs\/ (fotografia) .link gen\u00e9rico: http:\/\/www.siaapm.cultura.mg.gov.br\/\u00a0 .inser\u00e7\u00e3o &hellip; <a href=\"https:\/\/fotoplus.com\/acesso\/?p=868\" class=\"more-link\">Continue lendo<span class=\"screen-reader-text\"> &#8220;Arquivo P\u00fablico Mineiro &#8211; Imprensa mineira e Fotografia&#8221;<\/span><\/a><\/p>\n","protected":false},"author":1,"featured_media":0,"comment_status":"closed","ping_status":"closed","sticky":false,"template":"","format":"standard","meta":{"footnotes":""},"categories":[189,20,22,28,31,32,33,1],"tags":[190,193,194,191,192],"class_list":["post-868","post","type-post","status-publish","format-standard","hentry","category-arquivos","category-fotografia","category-historia","category-historia-da-fotografia","category-imprensa-2","category-instituicoes-de-memoria","category-jornais","category-uncategorized","tag-arquivo-publico-mineiro","tag-imprensa-mineira","tag-minas-gerais","tag-sia","tag-siaapm"],"_links":{"self":[{"href":"https:\/\/fotoplus.com\/acesso\/index.php?rest_route=\/wp\/v2\/posts\/868","targetHints":{"allow":["GET"]}}],"collection":[{"href":"https:\/\/fotoplus.com\/acesso\/index.php?rest_route=\/wp\/v2\/posts"}],"about":[{"href":"https:\/\/fotoplus.com\/acesso\/index.php?rest_route=\/wp\/v2\/types\/post"}],"author":[{"embeddable":true,"href":"https:\/\/fotoplus.com\/acesso\/index.php?rest_route=\/wp\/v2\/users\/1"}],"replies":[{"embeddable":true,"href":"https:\/\/fotoplus.com\/acesso\/index.php?rest_route=%2Fwp%2Fv2%2Fcomments&post=868"}],"version-history":[{"count":5,"href":"https:\/\/fotoplus.com\/acesso\/index.php?rest_route=\/wp\/v2\/posts\/868\/revisions"}],"predecessor-version":[{"id":875,"href":"https:\/\/fotoplus.com\/acesso\/index.php?rest_route=\/wp\/v2\/posts\/868\/revisions\/875"}],"wp:attachment":[{"href":"https:\/\/fotoplus.com\/acesso\/index.php?rest_route=%2Fwp%2Fv2%2Fmedia&parent=868"}],"wp:term":[{"taxonomy":"category","embeddable":true,"href":"https:\/\/fotoplus.com\/acesso\/index.php?rest_route=%2Fwp%2Fv2%2Fcategories&post=868"},{"taxonomy":"post_tag","embeddable":true,"href":"https:\/\/fotoplus.com\/acesso\/index.php?rest_route=%2Fwp%2Fv2%2Ftags&post=868"}],"curies":[{"name":"wp","href":"https:\/\/api.w.org\/{rel}","templated":true}]}}