{"id":816,"date":"2018-10-17T03:43:34","date_gmt":"2018-10-17T06:43:34","guid":{"rendered":"http:\/\/www.fotoplus.com\/acesso\/?p=816"},"modified":"2018-10-17T03:44:57","modified_gmt":"2018-10-17T06:44:57","slug":"villa-digital-fundacao-joaquim-nabuco","status":"publish","type":"post","link":"https:\/\/fotoplus.com\/acesso\/?p=816","title":{"rendered":"Villa Digital &#8211; Funda\u00e7\u00e3o Joaquim Nabuco"},"content":{"rendered":"<p>Numa solu\u00e7\u00e3o inusual, a Funda\u00e7\u00e3o Joaquim Nabuco, de Recife, integrou suas bases digitais a um espa\u00e7o f\u00edsico &#8211; a Villa Cultural, que oferece atividades para potencializar o contato e uso dos acervos.\u00a0 O acesso digital, al\u00e9m da interface para computadores, \u00e9 poss\u00edvel por aplicativos para telefonia m\u00f3vel nos sistemas Android e IOS. Assim, parte das cole\u00e7\u00f5es de fotografias, postais, r\u00f3tulos comerciais&#8230; est\u00e1 dispon\u00edvel para pesquisa.<\/p>\n<p>.link direto: <a href=\"http:\/\/villadigital.fundaj.gov.br\" target=\"_blank\" rel=\"noopener\">http:\/\/villadigital.fundaj.gov.br<\/a><\/p>\n<p>.link gen\u00e9rico: <a href=\"http:\/\/www.fundaj.gov.br\" target=\"_blank\" rel=\"noopener\">http:\/\/www.fundaj.gov.br<\/a><\/p>\n<p>inser\u00e7\u00e3o em: 2018.10.16 \u2013 RM<\/p>\n","protected":false},"excerpt":{"rendered":"<p>Numa solu\u00e7\u00e3o inusual, a Funda\u00e7\u00e3o Joaquim Nabuco, de Recife, integrou suas bases digitais a um espa\u00e7o f\u00edsico &#8211; a Villa Cultural, que oferece atividades para potencializar o contato e uso dos acervos.\u00a0 O acesso digital, al\u00e9m da interface para computadores, \u00e9 poss\u00edvel por aplicativos para telefonia m\u00f3vel nos sistemas Android e IOS. Assim, parte das &hellip; <a href=\"https:\/\/fotoplus.com\/acesso\/?p=816\" class=\"more-link\">Continue lendo<span class=\"screen-reader-text\"> &#8220;Villa Digital &#8211; Funda\u00e7\u00e3o Joaquim Nabuco&#8221;<\/span><\/a><\/p>\n","protected":false},"author":1,"featured_media":0,"comment_status":"closed","ping_status":"closed","sticky":false,"template":"","format":"standard","meta":{"footnotes":""},"categories":[20,28],"tags":[178,176,179,177,180],"class_list":["post-816","post","type-post","status-publish","format-standard","hentry","category-fotografia","category-historia-da-fotografia","tag-cartao-postal","tag-cartofilia","tag-fundacao-joaquim-nabuco","tag-grafica-efemera","tag-villa-cultural"],"_links":{"self":[{"href":"https:\/\/fotoplus.com\/acesso\/index.php?rest_route=\/wp\/v2\/posts\/816","targetHints":{"allow":["GET"]}}],"collection":[{"href":"https:\/\/fotoplus.com\/acesso\/index.php?rest_route=\/wp\/v2\/posts"}],"about":[{"href":"https:\/\/fotoplus.com\/acesso\/index.php?rest_route=\/wp\/v2\/types\/post"}],"author":[{"embeddable":true,"href":"https:\/\/fotoplus.com\/acesso\/index.php?rest_route=\/wp\/v2\/users\/1"}],"replies":[{"embeddable":true,"href":"https:\/\/fotoplus.com\/acesso\/index.php?rest_route=%2Fwp%2Fv2%2Fcomments&post=816"}],"version-history":[{"count":3,"href":"https:\/\/fotoplus.com\/acesso\/index.php?rest_route=\/wp\/v2\/posts\/816\/revisions"}],"predecessor-version":[{"id":819,"href":"https:\/\/fotoplus.com\/acesso\/index.php?rest_route=\/wp\/v2\/posts\/816\/revisions\/819"}],"wp:attachment":[{"href":"https:\/\/fotoplus.com\/acesso\/index.php?rest_route=%2Fwp%2Fv2%2Fmedia&parent=816"}],"wp:term":[{"taxonomy":"category","embeddable":true,"href":"https:\/\/fotoplus.com\/acesso\/index.php?rest_route=%2Fwp%2Fv2%2Fcategories&post=816"},{"taxonomy":"post_tag","embeddable":true,"href":"https:\/\/fotoplus.com\/acesso\/index.php?rest_route=%2Fwp%2Fv2%2Ftags&post=816"}],"curies":[{"name":"wp","href":"https:\/\/api.w.org\/{rel}","templated":true}]}}