{"id":798,"date":"2018-10-02T21:02:34","date_gmt":"2018-10-03T00:02:34","guid":{"rendered":"http:\/\/fotoplus.com\/acesso\/?p=798"},"modified":"2018-10-02T21:02:34","modified_gmt":"2018-10-03T00:02:34","slug":"ahira-archivo-historico-de-revistas-argentinas","status":"publish","type":"post","link":"https:\/\/fotoplus.com\/acesso\/?p=798","title":{"rendered":"AhiRA &#8211; Archivo Historico de Revistas Argentinas"},"content":{"rendered":"<p>O portal do Archivo Hist\u00f3rico de Revistas Argentinas oferece acesso a revistas culturais e diversas publica\u00e7\u00f5es peri\u00f3dicas, procurando estimular o debate est\u00e9tico, pol\u00edtico e ideol\u00f3gico da hist\u00f3ria cultural argentina.<\/p>\n<p>&#8220;Fue creado en el marco de los proyectos de investigaci\u00f3n Ubacyt \u201cPol\u00e9micas est\u00e9ticas e ideol\u00f3gicas en revistas culturales de izquierda\u201d (2011-2014) y \u201cCercan\u00edas: literatura argentina y publicaciones peri\u00f3dicas\u201d (2014-2017), dirigidos por Sylvia Sa\u00edtta.&#8221;<\/p>\n<p>.link gen\u00e9rico: <a href=\"http:\/\/www.ahira.com.ar\" target=\"_blank\">http:\/\/www.ahira.com.ar<\/a><\/p>\n<p>.inser\u00e7\u00e3o em: 2018.10.02 \u2013 RM\u00a0 (indicado por Tatiana Vasconcellos)<\/p>\n","protected":false},"excerpt":{"rendered":"<p>O portal do Archivo Hist\u00f3rico de Revistas Argentinas oferece acesso a revistas culturais e diversas publica\u00e7\u00f5es peri\u00f3dicas, procurando estimular o debate est\u00e9tico, pol\u00edtico e ideol\u00f3gico da hist\u00f3ria cultural argentina. &#8220;Fue creado en el marco de los proyectos de investigaci\u00f3n Ubacyt \u201cPol\u00e9micas est\u00e9ticas e ideol\u00f3gicas en revistas culturales de izquierda\u201d (2011-2014) y \u201cCercan\u00edas: literatura argentina y &hellip; <a href=\"https:\/\/fotoplus.com\/acesso\/?p=798\" class=\"more-link\">Continue lendo<span class=\"screen-reader-text\"> &#8220;AhiRA &#8211; Archivo Historico de Revistas Argentinas&#8221;<\/span><\/a><\/p>\n","protected":false},"author":1,"featured_media":0,"comment_status":"closed","ping_status":"closed","sticky":false,"template":"","format":"standard","meta":{"footnotes":""},"categories":[31,33,41],"tags":[58,172],"class_list":["post-798","post","type-post","status-publish","format-standard","hentry","category-imprensa-2","category-jornais","category-revistas","tag-argentina","tag-cultura-argentina"],"_links":{"self":[{"href":"https:\/\/fotoplus.com\/acesso\/index.php?rest_route=\/wp\/v2\/posts\/798","targetHints":{"allow":["GET"]}}],"collection":[{"href":"https:\/\/fotoplus.com\/acesso\/index.php?rest_route=\/wp\/v2\/posts"}],"about":[{"href":"https:\/\/fotoplus.com\/acesso\/index.php?rest_route=\/wp\/v2\/types\/post"}],"author":[{"embeddable":true,"href":"https:\/\/fotoplus.com\/acesso\/index.php?rest_route=\/wp\/v2\/users\/1"}],"replies":[{"embeddable":true,"href":"https:\/\/fotoplus.com\/acesso\/index.php?rest_route=%2Fwp%2Fv2%2Fcomments&post=798"}],"version-history":[{"count":1,"href":"https:\/\/fotoplus.com\/acesso\/index.php?rest_route=\/wp\/v2\/posts\/798\/revisions"}],"predecessor-version":[{"id":799,"href":"https:\/\/fotoplus.com\/acesso\/index.php?rest_route=\/wp\/v2\/posts\/798\/revisions\/799"}],"wp:attachment":[{"href":"https:\/\/fotoplus.com\/acesso\/index.php?rest_route=%2Fwp%2Fv2%2Fmedia&parent=798"}],"wp:term":[{"taxonomy":"category","embeddable":true,"href":"https:\/\/fotoplus.com\/acesso\/index.php?rest_route=%2Fwp%2Fv2%2Fcategories&post=798"},{"taxonomy":"post_tag","embeddable":true,"href":"https:\/\/fotoplus.com\/acesso\/index.php?rest_route=%2Fwp%2Fv2%2Ftags&post=798"}],"curies":[{"name":"wp","href":"https:\/\/api.w.org\/{rel}","templated":true}]}}