{"id":789,"date":"2018-08-08T01:10:17","date_gmt":"2018-08-08T04:10:17","guid":{"rendered":"http:\/\/fotoplus.com\/acesso\/?p=789"},"modified":"2018-08-08T01:13:42","modified_gmt":"2018-08-08T04:13:42","slug":"monoskop-avant-garde-and-modernist-magazines","status":"publish","type":"post","link":"https:\/\/fotoplus.com\/acesso\/?p=789","title":{"rendered":"Monoskop: Avant-garde and modernist magazines"},"content":{"rendered":"<p>O site norte-americano Monoskop traz um grande levantamento sobre mais de 150 revistas relacionadas a movimentos de vanguarda e modernismo. O recorte \u00e9 abrangente, com links para portais em diversas institui\u00e7\u00f5es, incluindo brasileiras. A tabela resumo \u00e9 pr\u00e1tica, pois permite ordenar a sele\u00e7\u00e3o por t\u00edtulo, tags etc.<\/p>\n<p>.link direto:<a href=\"https:\/\/monoskop.org\/Magazines\" target=\"_blank\">https:\/\/monoskop.org\/Magazines<\/a><\/p>\n<p>.link gen\u00e9rico: <a href=\"https:\/\/monoskop.org\" target=\"_blank\">https:\/\/monoskop.org<\/a><\/p>\n<p>&nbsp;<\/p>\n<p>inser\u00e7\u00e3o em: 2018.08.07 \u2013 RM<\/p>\n","protected":false},"excerpt":{"rendered":"<p>O site norte-americano Monoskop traz um grande levantamento sobre mais de 150 revistas relacionadas a movimentos de vanguarda e modernismo. O recorte \u00e9 abrangente, com links para portais em diversas institui\u00e7\u00f5es, incluindo brasileiras. A tabela resumo \u00e9 pr\u00e1tica, pois permite ordenar a sele\u00e7\u00e3o por t\u00edtulo, tags etc. .link direto:https:\/\/monoskop.org\/Magazines .link gen\u00e9rico: https:\/\/monoskop.org &nbsp; inser\u00e7\u00e3o em: &hellip; <a href=\"https:\/\/fotoplus.com\/acesso\/?p=789\" class=\"more-link\">Continue lendo<span class=\"screen-reader-text\"> &#8220;Monoskop: Avant-garde and modernist magazines&#8221;<\/span><\/a><\/p>\n","protected":false},"author":1,"featured_media":0,"comment_status":"closed","ping_status":"closed","sticky":false,"template":"","format":"standard","meta":{"footnotes":""},"categories":[5,20,26,31],"tags":[170,169,171,168,167],"class_list":["post-789","post","type-post","status-publish","format-standard","hentry","category-artes-visuais","category-fotografia","category-historia-da-arte","category-imprensa-2","tag-291-revista","tag-camera-work-revista","tag-hans-richter","tag-modernismo","tag-vanguarda"],"_links":{"self":[{"href":"https:\/\/fotoplus.com\/acesso\/index.php?rest_route=\/wp\/v2\/posts\/789","targetHints":{"allow":["GET"]}}],"collection":[{"href":"https:\/\/fotoplus.com\/acesso\/index.php?rest_route=\/wp\/v2\/posts"}],"about":[{"href":"https:\/\/fotoplus.com\/acesso\/index.php?rest_route=\/wp\/v2\/types\/post"}],"author":[{"embeddable":true,"href":"https:\/\/fotoplus.com\/acesso\/index.php?rest_route=\/wp\/v2\/users\/1"}],"replies":[{"embeddable":true,"href":"https:\/\/fotoplus.com\/acesso\/index.php?rest_route=%2Fwp%2Fv2%2Fcomments&post=789"}],"version-history":[{"count":1,"href":"https:\/\/fotoplus.com\/acesso\/index.php?rest_route=\/wp\/v2\/posts\/789\/revisions"}],"predecessor-version":[{"id":790,"href":"https:\/\/fotoplus.com\/acesso\/index.php?rest_route=\/wp\/v2\/posts\/789\/revisions\/790"}],"wp:attachment":[{"href":"https:\/\/fotoplus.com\/acesso\/index.php?rest_route=%2Fwp%2Fv2%2Fmedia&parent=789"}],"wp:term":[{"taxonomy":"category","embeddable":true,"href":"https:\/\/fotoplus.com\/acesso\/index.php?rest_route=%2Fwp%2Fv2%2Fcategories&post=789"},{"taxonomy":"post_tag","embeddable":true,"href":"https:\/\/fotoplus.com\/acesso\/index.php?rest_route=%2Fwp%2Fv2%2Ftags&post=789"}],"curies":[{"name":"wp","href":"https:\/\/api.w.org\/{rel}","templated":true}]}}