{"id":698,"date":"2017-01-27T05:09:26","date_gmt":"2017-01-27T05:09:26","guid":{"rendered":"http:\/\/fotoplus.com\/acesso\/?p=698"},"modified":"2017-01-27T05:09:26","modified_gmt":"2017-01-27T05:09:26","slug":"bixiga-artes-e-oficios","status":"publish","type":"post","link":"https:\/\/fotoplus.com\/acesso\/?p=698","title":{"rendered":"Bixiga: artes e of\u00edcios"},"content":{"rendered":"<p>O &#8220;Mapa colaborativo dos fazeres de artes\u00e3os e artistas do Bixiga&#8221;, dispon\u00edvel em 2012, \u00e9 uma interface cartogr\u00e1fica viabilizada pelo Centro de Preserva\u00e7\u00e3o Cultural (CPC-USP), resultado de diversas a\u00e7\u00f5es sobre o bairro da Bela Vista. Atrav\u00e9s do mapeamento realizado, \u00e9 poss\u00edvel recuperar aspectos os mais diversos articulados nas categorias: Artes Mec\u00e2nicas,\u00a0Artes Visuais,\u00a0Culin\u00e1ria,\u00a0Dan\u00e7a,\u00a0Literatura,\u00a0M\u00fasica,\u00a0\u00a0Restauro,\u00a0\u00a0Teatro e Vestu\u00e1rio.<\/p>\n<p>.link direto:\u00a0<a href=\"http:\/\/www.usp.br\/yayabixiga\" target=\"_blank\">http:\/\/www.usp.br\/yayabixiga<\/a><\/p>\n<p>.link gen\u00e9rico: <a href=\"http:\/\/www.usp.br\/\" target=\"_blank\">http:\/\/www.usp.br<\/a><\/p>\n<p>&nbsp;<\/p>\n<p>.inser\u00e7\u00e3o em: 2017.01.26 \u2013 RM<\/p>\n","protected":false},"excerpt":{"rendered":"<p>O &#8220;Mapa colaborativo dos fazeres de artes\u00e3os e artistas do Bixiga&#8221;, dispon\u00edvel em 2012, \u00e9 uma interface cartogr\u00e1fica viabilizada pelo Centro de Preserva\u00e7\u00e3o Cultural (CPC-USP), resultado de diversas a\u00e7\u00f5es sobre o bairro da Bela Vista. Atrav\u00e9s do mapeamento realizado, \u00e9 poss\u00edvel recuperar aspectos os mais diversos articulados nas categorias: Artes Mec\u00e2nicas,\u00a0Artes Visuais,\u00a0Culin\u00e1ria,\u00a0Dan\u00e7a,\u00a0Literatura,\u00a0M\u00fasica,\u00a0\u00a0Restauro,\u00a0\u00a0Teatro e Vestu\u00e1rio. .link &hellip; <a href=\"https:\/\/fotoplus.com\/acesso\/?p=698\" class=\"more-link\">Continue lendo<span class=\"screen-reader-text\"> &#8220;Bixiga: artes e of\u00edcios&#8221;<\/span><\/a><\/p>\n","protected":false},"author":1,"featured_media":0,"comment_status":"closed","ping_status":"open","sticky":false,"template":"","format":"standard","meta":{"footnotes":""},"categories":[25],"tags":[66,114],"class_list":["post-698","post","type-post","status-publish","format-standard","hentry","category-historia-sao-paulo-cidade","tag-bela-vista-bairro-sp","tag-interface-cartografica"],"_links":{"self":[{"href":"https:\/\/fotoplus.com\/acesso\/index.php?rest_route=\/wp\/v2\/posts\/698","targetHints":{"allow":["GET"]}}],"collection":[{"href":"https:\/\/fotoplus.com\/acesso\/index.php?rest_route=\/wp\/v2\/posts"}],"about":[{"href":"https:\/\/fotoplus.com\/acesso\/index.php?rest_route=\/wp\/v2\/types\/post"}],"author":[{"embeddable":true,"href":"https:\/\/fotoplus.com\/acesso\/index.php?rest_route=\/wp\/v2\/users\/1"}],"replies":[{"embeddable":true,"href":"https:\/\/fotoplus.com\/acesso\/index.php?rest_route=%2Fwp%2Fv2%2Fcomments&post=698"}],"version-history":[{"count":0,"href":"https:\/\/fotoplus.com\/acesso\/index.php?rest_route=\/wp\/v2\/posts\/698\/revisions"}],"wp:attachment":[{"href":"https:\/\/fotoplus.com\/acesso\/index.php?rest_route=%2Fwp%2Fv2%2Fmedia&parent=698"}],"wp:term":[{"taxonomy":"category","embeddable":true,"href":"https:\/\/fotoplus.com\/acesso\/index.php?rest_route=%2Fwp%2Fv2%2Fcategories&post=698"},{"taxonomy":"post_tag","embeddable":true,"href":"https:\/\/fotoplus.com\/acesso\/index.php?rest_route=%2Fwp%2Fv2%2Ftags&post=698"}],"curies":[{"name":"wp","href":"https:\/\/api.w.org\/{rel}","templated":true}]}}