{"id":654,"date":"2016-03-18T04:19:42","date_gmt":"2016-03-18T04:19:42","guid":{"rendered":"http:\/\/fotoplus.com\/acesso\/?p=654"},"modified":"2026-03-29T22:45:08","modified_gmt":"2026-03-30T01:45:08","slug":"museu-lasar-segall-acervos-integrados","status":"publish","type":"post","link":"https:\/\/fotoplus.com\/acesso\/?p=654","title":{"rendered":"Museu Lasar Segall: acervos integrados"},"content":{"rendered":"<p>O Museu &#8211; localizado em S\u00e3o Paulo e dedicado \u00e0 obra do artista visual de origem lituana, um dos marcos do modernismo brasileiro &#8211; lan\u00e7a novo portal de acessos aos seus acervos &#8211; Acervo de Obras, Arquivo Fotogr\u00e1fico e Arquivo documental relativos a Lasar Segall (1891-1957). Dessa forma, os resultados obtidos s\u00e3o potencializados, tornando-se &#8220;mais ricos e efetivos&#8221;, conforme apresenta\u00e7\u00e3o do projeto.<\/p>\n<p>.link direto:<br \/>\n<a href=\"http:\/\/www.mls.gov.br\/acervo\" target=\"_blank\" rel=\"noopener\">http:\/\/www.mls.gov.br\/acervo (2016, desativado)<\/a><br \/>\n<a href=\"http:\/\/www.museusegall.org.br\/acervo\/\" target=\"_blank\" rel=\"noopener\">http:\/\/www.museusegall.org.br\/acervo\/<\/a> (2026.03.29)<\/p>\n<p>.link gen\u00e9rico: <a href=\"http:\/\/www.mls.gov.br\" target=\"_blank\" rel=\"noopener\">http:\/\/www.mls.gov.br<\/a><\/p>\n<p>&nbsp;<\/p>\n<p>.inser\u00e7\u00e3o em: 2016.03.18 &#8211; RM<\/p>\n","protected":false},"excerpt":{"rendered":"<p>O Museu &#8211; localizado em S\u00e3o Paulo e dedicado \u00e0 obra do artista visual de origem lituana, um dos marcos do modernismo brasileiro &#8211; lan\u00e7a novo portal de acessos aos seus acervos &#8211; Acervo de Obras, Arquivo Fotogr\u00e1fico e Arquivo documental relativos a Lasar Segall (1891-1957). Dessa forma, os resultados obtidos s\u00e3o potencializados, tornando-se &#8220;mais &hellip; <a href=\"https:\/\/fotoplus.com\/acesso\/?p=654\" class=\"more-link\">Continue lendo<span class=\"screen-reader-text\"> &#8220;Museu Lasar Segall: acervos integrados&#8221;<\/span><\/a><\/p>\n","protected":false},"author":1,"featured_media":0,"comment_status":"closed","ping_status":"open","sticky":false,"template":"","format":"standard","meta":{"footnotes":""},"categories":[5,20,37],"tags":[],"class_list":["post-654","post","type-post","status-publish","format-standard","hentry","category-artes-visuais","category-fotografia","category-museus"],"_links":{"self":[{"href":"https:\/\/fotoplus.com\/acesso\/index.php?rest_route=\/wp\/v2\/posts\/654","targetHints":{"allow":["GET"]}}],"collection":[{"href":"https:\/\/fotoplus.com\/acesso\/index.php?rest_route=\/wp\/v2\/posts"}],"about":[{"href":"https:\/\/fotoplus.com\/acesso\/index.php?rest_route=\/wp\/v2\/types\/post"}],"author":[{"embeddable":true,"href":"https:\/\/fotoplus.com\/acesso\/index.php?rest_route=\/wp\/v2\/users\/1"}],"replies":[{"embeddable":true,"href":"https:\/\/fotoplus.com\/acesso\/index.php?rest_route=%2Fwp%2Fv2%2Fcomments&post=654"}],"version-history":[{"count":1,"href":"https:\/\/fotoplus.com\/acesso\/index.php?rest_route=\/wp\/v2\/posts\/654\/revisions"}],"predecessor-version":[{"id":1320,"href":"https:\/\/fotoplus.com\/acesso\/index.php?rest_route=\/wp\/v2\/posts\/654\/revisions\/1320"}],"wp:attachment":[{"href":"https:\/\/fotoplus.com\/acesso\/index.php?rest_route=%2Fwp%2Fv2%2Fmedia&parent=654"}],"wp:term":[{"taxonomy":"category","embeddable":true,"href":"https:\/\/fotoplus.com\/acesso\/index.php?rest_route=%2Fwp%2Fv2%2Fcategories&post=654"},{"taxonomy":"post_tag","embeddable":true,"href":"https:\/\/fotoplus.com\/acesso\/index.php?rest_route=%2Fwp%2Fv2%2Ftags&post=654"}],"curies":[{"name":"wp","href":"https:\/\/api.w.org\/{rel}","templated":true}]}}