{"id":627,"date":"2015-12-15T16:31:57","date_gmt":"2015-12-15T16:31:57","guid":{"rendered":"http:\/\/fotoplus.com\/acesso\/?p=627"},"modified":"2015-12-15T16:31:57","modified_gmt":"2015-12-15T16:31:57","slug":"iac-instituto-de-arte-contemporanea","status":"publish","type":"post","link":"https:\/\/fotoplus.com\/acesso\/?p=627","title":{"rendered":"IAC &#8211; Instituto de Arte Contempor\u00e2nea"},"content":{"rendered":"<p>O <strong>Instituto de Arte Contempor\u00e2nea<\/strong> (SP) disponibiliza desde meados de 2015 o acesso ao acervo atrav\u00e9s do seu portal internet. Dedicado ao estudo e \u00e0 difus\u00e3o da produ\u00e7\u00e3o brasileira em seus segmentos geom\u00e9trico e construtivista, re\u00fane obras \u00a0e documenta\u00e7\u00e3o sobre S\u00e9rgio Camargo (1930-1990) e Willys de Castro (1926-1988), como tamb\u00e9m de S\u00e9rvulo Esmeraldo (1929) e Amilcar de Castro (1920-2002) incorporados posteriormente. \u00c9 poss\u00edvel ter acesso a imagens das obras de arte, documenta\u00e7\u00f5es de eventos etc.<\/p>\n<p>.link gen\u00e9rico: <a href=\"http:\/\/iacbrasil.org.br\" target=\"_blank\">http:\/\/iacbrasil.org.br<\/a><\/p>\n<p>.inser\u00e7\u00e3o em: 2015.12.15 &#8211; RM<\/p>\n","protected":false},"excerpt":{"rendered":"<p>O Instituto de Arte Contempor\u00e2nea (SP) disponibiliza desde meados de 2015 o acesso ao acervo atrav\u00e9s do seu portal internet. Dedicado ao estudo e \u00e0 difus\u00e3o da produ\u00e7\u00e3o brasileira em seus segmentos geom\u00e9trico e construtivista, re\u00fane obras \u00a0e documenta\u00e7\u00e3o sobre S\u00e9rgio Camargo (1930-1990) e Willys de Castro (1926-1988), como tamb\u00e9m de S\u00e9rvulo Esmeraldo (1929) e &hellip; <a href=\"https:\/\/fotoplus.com\/acesso\/?p=627\" class=\"more-link\">Continue lendo<span class=\"screen-reader-text\"> &#8220;IAC &#8211; Instituto de Arte Contempor\u00e2nea&#8221;<\/span><\/a><\/p>\n","protected":false},"author":1,"featured_media":0,"comment_status":"closed","ping_status":"open","sticky":false,"template":"","format":"standard","meta":{"footnotes":""},"categories":[5,32],"tags":[],"class_list":["post-627","post","type-post","status-publish","format-standard","hentry","category-artes-visuais","category-instituicoes-de-memoria"],"_links":{"self":[{"href":"https:\/\/fotoplus.com\/acesso\/index.php?rest_route=\/wp\/v2\/posts\/627","targetHints":{"allow":["GET"]}}],"collection":[{"href":"https:\/\/fotoplus.com\/acesso\/index.php?rest_route=\/wp\/v2\/posts"}],"about":[{"href":"https:\/\/fotoplus.com\/acesso\/index.php?rest_route=\/wp\/v2\/types\/post"}],"author":[{"embeddable":true,"href":"https:\/\/fotoplus.com\/acesso\/index.php?rest_route=\/wp\/v2\/users\/1"}],"replies":[{"embeddable":true,"href":"https:\/\/fotoplus.com\/acesso\/index.php?rest_route=%2Fwp%2Fv2%2Fcomments&post=627"}],"version-history":[{"count":0,"href":"https:\/\/fotoplus.com\/acesso\/index.php?rest_route=\/wp\/v2\/posts\/627\/revisions"}],"wp:attachment":[{"href":"https:\/\/fotoplus.com\/acesso\/index.php?rest_route=%2Fwp%2Fv2%2Fmedia&parent=627"}],"wp:term":[{"taxonomy":"category","embeddable":true,"href":"https:\/\/fotoplus.com\/acesso\/index.php?rest_route=%2Fwp%2Fv2%2Fcategories&post=627"},{"taxonomy":"post_tag","embeddable":true,"href":"https:\/\/fotoplus.com\/acesso\/index.php?rest_route=%2Fwp%2Fv2%2Ftags&post=627"}],"curies":[{"name":"wp","href":"https:\/\/api.w.org\/{rel}","templated":true}]}}