{"id":32,"date":"2010-09-23T22:15:37","date_gmt":"2010-09-23T22:15:37","guid":{"rendered":"http:\/\/fotoplus.com\/acesso\/?p=32"},"modified":"2010-09-23T22:15:37","modified_gmt":"2010-09-23T22:15:37","slug":"jb","status":"publish","type":"post","link":"https:\/\/fotoplus.com\/acesso\/?p=32","title":{"rendered":"JB: Jornal do Brasil"},"content":{"rendered":"<p><strong>Jornal do Brasil<\/strong> (Rio de Janeiro, 1891-2010-edi\u00e7\u00e3o impressa) &#8211;\u00a0<a title=\"Wikipedia JB\" href=\"http:\/\/pt.wikipedia.org\/wiki\/Jornal_do_Brasil\" target=\"_blank\">wiki<\/a><\/p>\n<p>Dispon\u00edvel via Google News, edi\u00e7\u00f5es entre as d\u00e9cadas de 1910 a 1990, com grandes intervalos em branco.<\/p>\n<p>link direto: \u00a0<a href=\"http:\/\/news.google.com\/newspapers?nid=0qX8s2k1IRwC\">http:\/\/news.google.com\/newspapers?nid=0qX8s2k1IRwC<\/a><\/p>\n<p>link jornal: <a title=\"Jornal do Brasil - site\" href=\"http:\/\/www.jb.com.br\" target=\"_blank\">http:\/\/www.jb.com.br<\/a><\/p>\n<p>.inser\u00e7\u00e3o em: 2010.09.23 &#8211; RM<\/p>\n<p>&nbsp;<\/p>\n<p>Parte da cole\u00e7\u00e3o hist\u00f3rica \u00e9 disponibilizada pelo portal da <strong>BN (Biblioteca Nacional)<\/strong>:<\/p>\n<p>link direto: \u00a0http:\/\/<a title=\"Hemeroteca Digital - BN\" href=\"http:\/\/memoria.bn.br\" target=\"_blank\">memoria.bn.br<\/a><\/p>\n","protected":false},"excerpt":{"rendered":"<p>Jornal do Brasil (Rio de Janeiro, 1891-2010-edi\u00e7\u00e3o impressa) &#8211;\u00a0wiki Dispon\u00edvel via Google News, edi\u00e7\u00f5es entre as d\u00e9cadas de 1910 a 1990, com grandes intervalos em branco. link direto: \u00a0http:\/\/news.google.com\/newspapers?nid=0qX8s2k1IRwC link jornal: http:\/\/www.jb.com.br .inser\u00e7\u00e3o em: 2010.09.23 &#8211; RM &nbsp; Parte da cole\u00e7\u00e3o hist\u00f3rica \u00e9 disponibilizada pelo portal da BN (Biblioteca Nacional): link direto: \u00a0http:\/\/memoria.bn.br<\/p>\n","protected":false},"author":1,"featured_media":0,"comment_status":"closed","ping_status":"closed","sticky":false,"template":"","format":"standard","meta":{"footnotes":""},"categories":[31,33],"tags":[108],"class_list":["post-32","post","type-post","status-publish","format-standard","hentry","category-imprensa-2","category-jornais","tag-imprensa"],"_links":{"self":[{"href":"https:\/\/fotoplus.com\/acesso\/index.php?rest_route=\/wp\/v2\/posts\/32","targetHints":{"allow":["GET"]}}],"collection":[{"href":"https:\/\/fotoplus.com\/acesso\/index.php?rest_route=\/wp\/v2\/posts"}],"about":[{"href":"https:\/\/fotoplus.com\/acesso\/index.php?rest_route=\/wp\/v2\/types\/post"}],"author":[{"embeddable":true,"href":"https:\/\/fotoplus.com\/acesso\/index.php?rest_route=\/wp\/v2\/users\/1"}],"replies":[{"embeddable":true,"href":"https:\/\/fotoplus.com\/acesso\/index.php?rest_route=%2Fwp%2Fv2%2Fcomments&post=32"}],"version-history":[{"count":0,"href":"https:\/\/fotoplus.com\/acesso\/index.php?rest_route=\/wp\/v2\/posts\/32\/revisions"}],"wp:attachment":[{"href":"https:\/\/fotoplus.com\/acesso\/index.php?rest_route=%2Fwp%2Fv2%2Fmedia&parent=32"}],"wp:term":[{"taxonomy":"category","embeddable":true,"href":"https:\/\/fotoplus.com\/acesso\/index.php?rest_route=%2Fwp%2Fv2%2Fcategories&post=32"},{"taxonomy":"post_tag","embeddable":true,"href":"https:\/\/fotoplus.com\/acesso\/index.php?rest_route=%2Fwp%2Fv2%2Ftags&post=32"}],"curies":[{"name":"wp","href":"https:\/\/api.w.org\/{rel}","templated":true}]}}