{"id":300,"date":"2011-02-28T23:04:56","date_gmt":"2011-02-28T23:04:56","guid":{"rendered":"http:\/\/fotoplus.com\/acesso\/?p=300"},"modified":"2011-02-28T23:04:56","modified_gmt":"2011-02-28T23:04:56","slug":"aesp-revistas","status":"publish","type":"post","link":"https:\/\/fotoplus.com\/acesso\/?p=300","title":{"rendered":"Arquivo do Estado de S\u00e3o Paulo &#8211; Portal de Revistas"},"content":{"rendered":"<p>O Arquivo do Estado de S\u00e3o Paulo (AESP) disponibiliza desde 2010 parte do acervo de revistas e jornais em formatos PDF e Flip. A cole\u00e7\u00e3o cobre\u00a0peri\u00f3dicos\u00a0editados em S\u00e3o Paulo e outras cidades brasileiras nos s\u00e9culos 19 e 20. A rela\u00e7\u00e3o inclui no momento (2011.02) os seguintes t\u00edtulos:<\/p>\n<ul>\n<li>Anau\u00ea<\/li>\n<li>Archivo Ilustrado<\/li>\n<li>Arte=Natureza<\/li>\n<li>Atalaia, O<\/li>\n<li>Beija &#8211; Flor<\/li>\n<li>Bemtevi<\/li>\n<li>Capital Paulista<\/li>\n<li>Certamen, O<\/li>\n<li>Chronica, \u00a0A<\/li>\n<li>Cigarra, A (SP, 1914-)<\/li>\n<li>Correio da Semana<\/li>\n<li>Echo Phonographico<\/li>\n<li>Escola Nova<\/li>\n<li>Escrita, A<\/li>\n<li>Fazendeiro, O<\/li>\n<li>Garoa, A<\/li>\n<li>Ilustra\u00e7\u00e3o Paulista<\/li>\n<li>Immigrante, O<\/li>\n<li>Lua, \u00a0A<\/li>\n<li>Malho, O<\/li>\n<li>Palco Ilustrado<\/li>\n<li>Panoplia<\/li>\n<li>Para Todos<\/li>\n<li>Petit Revue, La<\/li>\n<li>Pharol, O<\/li>\n<li>Progresso Comercial do Brasil<\/li>\n<li>Revista da Academia de S\u00e3o Paulo<\/li>\n<li>Revista de S\u00e3o Paulo<\/li>\n<li>Revista Escolar &#8211; Orgam da Directoria Geral da Instruc\u00e7\u00e3o Publica<\/li>\n<li>Revista Mensal O Echo<\/li>\n<li>Revista Moderna<\/li>\n<li>S\u00e3o Paulo de Ontem, de Hoje, de Amanh\u00e3<\/li>\n<li>Suavisadora, A<\/li>\n<li>Vida Moderna, A<\/li>\n<li>Vida Paulista<\/li>\n<\/ul>\n<div>.link direto:\u00a0<a title=\"AESP - revistas\" href=\"http:\/\/www.arquivoestado.sp.gov.br\/a_revistas.php\" target=\"_blank\">http:\/\/www.arquivoestado.sp.gov.br\/a_revistas.php<\/a><\/div>\n<p><\/p>\n<div>.link instituticonal:\u00a0<a title=\"AESP \" href=\"http:\/\/www.arquivoestado.sp.gov.br\/\" target=\"_blank\">http:\/\/www.arquivoestado.sp.gov.br<\/a><\/div>\n<div><\/div>\n<p><\/p>\n<div>.incluso por: RM (2011.02.28)<\/div>\n","protected":false},"excerpt":{"rendered":"<p>O Arquivo do Estado de S\u00e3o Paulo (AESP) disponibiliza desde 2010 parte do acervo de revistas e jornais em formatos PDF e Flip. A cole\u00e7\u00e3o cobre\u00a0peri\u00f3dicos\u00a0editados em S\u00e3o Paulo e outras cidades brasileiras nos s\u00e9culos 19 e 20. A rela\u00e7\u00e3o inclui no momento (2011.02) os seguintes t\u00edtulos: Anau\u00ea Archivo Ilustrado Arte=Natureza Atalaia, O Beija &#8211; &hellip; <a href=\"https:\/\/fotoplus.com\/acesso\/?p=300\" class=\"more-link\">Continue lendo<span class=\"screen-reader-text\"> &#8220;Arquivo do Estado de S\u00e3o Paulo &#8211; Portal de Revistas&#8221;<\/span><\/a><\/p>\n","protected":false},"author":1,"featured_media":0,"comment_status":"closed","ping_status":"open","sticky":false,"template":"","format":"standard","meta":{"footnotes":""},"categories":[31,33,41],"tags":[51,54,55,57,60,65,67,110,130],"class_list":["post-300","post","type-post","status-publish","format-standard","hentry","category-imprensa-2","category-jornais","category-revistas","tag-a-cigarra","tag-aesp","tag-anaue","tag-archivo-illustrado","tag-artenatureza","tag-beija-flor","tag-bemtevi","tag-imprensa-ilustrada","tag-o-atalaia"],"_links":{"self":[{"href":"https:\/\/fotoplus.com\/acesso\/index.php?rest_route=\/wp\/v2\/posts\/300","targetHints":{"allow":["GET"]}}],"collection":[{"href":"https:\/\/fotoplus.com\/acesso\/index.php?rest_route=\/wp\/v2\/posts"}],"about":[{"href":"https:\/\/fotoplus.com\/acesso\/index.php?rest_route=\/wp\/v2\/types\/post"}],"author":[{"embeddable":true,"href":"https:\/\/fotoplus.com\/acesso\/index.php?rest_route=\/wp\/v2\/users\/1"}],"replies":[{"embeddable":true,"href":"https:\/\/fotoplus.com\/acesso\/index.php?rest_route=%2Fwp%2Fv2%2Fcomments&post=300"}],"version-history":[{"count":0,"href":"https:\/\/fotoplus.com\/acesso\/index.php?rest_route=\/wp\/v2\/posts\/300\/revisions"}],"wp:attachment":[{"href":"https:\/\/fotoplus.com\/acesso\/index.php?rest_route=%2Fwp%2Fv2%2Fmedia&parent=300"}],"wp:term":[{"taxonomy":"category","embeddable":true,"href":"https:\/\/fotoplus.com\/acesso\/index.php?rest_route=%2Fwp%2Fv2%2Fcategories&post=300"},{"taxonomy":"post_tag","embeddable":true,"href":"https:\/\/fotoplus.com\/acesso\/index.php?rest_route=%2Fwp%2Fv2%2Ftags&post=300"}],"curies":[{"name":"wp","href":"https:\/\/api.w.org\/{rel}","templated":true}]}}