{"id":203,"date":"2010-10-15T13:49:24","date_gmt":"2010-10-15T13:49:24","guid":{"rendered":"http:\/\/fotoplus.com\/acesso\/?p=203"},"modified":"2020-09-07T16:51:45","modified_gmt":"2020-09-07T19:51:45","slug":"tesouros-da-cidade-sp-fotografia","status":"publish","type":"post","link":"https:\/\/fotoplus.com\/acesso\/?p=203","title":{"rendered":"Tesouros da Cidade &#8211; SP &#8211; Fotografia"},"content":{"rendered":"<p>O portal, dispon\u00edvel desde 2003 mas pouco divulgado, apresenta uma sele\u00e7\u00e3o significativa de imagens de \u00e1lbuns fotogr\u00e1ficos, al\u00e9m de outras categorias de edi\u00e7\u00f5es raras, integrantes da cole\u00e7\u00e3o da Biblioteca M\u00e1rio de Andrade (SMC), com destaques para vistas urbanas.<\/p>\n<p>O acervo, de acesso restrito, pode ser consultado no portal. \u00c9 necess\u00e1rio instalar um plug-in, de f\u00e1cil opera\u00e7\u00e3o. O acesso permite folhear \u00e1lbuns inteiros. A busca est\u00e1 limitada, por\u00e9m, a palavras das legendas, com uso reduzdio de descritores.<\/p>\n<p>Inovadora para a \u00e9poca, quando n\u00e3o estavam dispon\u00edveis conex\u00f5es de alta velocidade, a interface permite optar por imagens em monocromia ou cor, em baixa ou alta resolu\u00e7\u00e3o. Atualmente, a interface exibe uma tela um pouco reduzida para uma visualiza\u00e7\u00e3o adequada. Atente que o link direto costuma mudar.<\/p>\n<p>Em caso de problema, use a p\u00e1gina do prestador de servi\u00e7os &#8211; DocPro<br \/>\n<a href=\"https:\/\/www.docpro.com.br\/mainweb\/acervos-digitais\/\" target=\"_blank\" rel=\"noopener noreferrer\">https:\/\/www.docpro.com.br\/mainweb\/acervos-digitais\/<\/a><\/p>\n<p>link direto:<br \/>\n<a title=\"Tesouros da Cidade (SP)\" href=\"http:\/\/www.prefeitura.sp.gov.br\/cidade\/secretarias\/cultura\/bma\/tesouros_da_cidade\/index.php?p=1096\" target=\"_blank\" rel=\"noopener noreferrer\">http:\/\/www.prefeitura.sp.gov.br\/cidade\/secretarias\/cultura\/bma\/tesouros_da_cidade\/index.php?p=1096<\/a><\/p>\n<p>links gen\u00e9ricos:<\/p>\n<p><a title=\"Biblioteca M\u00e1rio de Andrade (SP)\" href=\"http:\/\/www.bma.sp.gov.br\" target=\"_blank\" rel=\"noopener noreferrer\">http:\/\/www.bma.sp.gov.br<\/a><\/p>\n<p><a title=\"Prefeitura de S\u00e3o Paulo\" href=\"http:\/\/www.prefeitura.sp.gov.br\" target=\"_blank\" rel=\"noopener noreferrer\">http:\/\/www.prefeitura.sp.gov.br<\/a><\/p>\n<p>(procure a p\u00e1gina da Secretaria Municipal de Cultura, e, em seguida, Biblioteca M\u00e1rio de Andrade).<\/p>\n<p>.inser\u00e7\u00e3o em: 2010.10.15 &#8211; RM<\/p>\n","protected":false},"excerpt":{"rendered":"<p>O portal, dispon\u00edvel desde 2003 mas pouco divulgado, apresenta uma sele\u00e7\u00e3o significativa de imagens de \u00e1lbuns fotogr\u00e1ficos, al\u00e9m de outras categorias de edi\u00e7\u00f5es raras, integrantes da cole\u00e7\u00e3o da Biblioteca M\u00e1rio de Andrade (SMC), com destaques para vistas urbanas. O acervo, de acesso restrito, pode ser consultado no portal. \u00c9 necess\u00e1rio instalar um plug-in, de f\u00e1cil &hellip; <a href=\"https:\/\/fotoplus.com\/acesso\/?p=203\" class=\"more-link\">Continue lendo<span class=\"screen-reader-text\"> &#8220;Tesouros da Cidade &#8211; SP &#8211; Fotografia&#8221;<\/span><\/a><\/p>\n","protected":false},"author":1,"featured_media":0,"comment_status":"closed","ping_status":"closed","sticky":false,"template":"","format":"standard","meta":{"footnotes":""},"categories":[20,22,28,35],"tags":[132,147],"class_list":["post-203","post","type-post","status-publish","format-standard","hentry","category-fotografia","category-historia","category-historia-da-fotografia","category-livros","tag-paisagem","tag-sao-paulo-cidade-sp"],"_links":{"self":[{"href":"https:\/\/fotoplus.com\/acesso\/index.php?rest_route=\/wp\/v2\/posts\/203","targetHints":{"allow":["GET"]}}],"collection":[{"href":"https:\/\/fotoplus.com\/acesso\/index.php?rest_route=\/wp\/v2\/posts"}],"about":[{"href":"https:\/\/fotoplus.com\/acesso\/index.php?rest_route=\/wp\/v2\/types\/post"}],"author":[{"embeddable":true,"href":"https:\/\/fotoplus.com\/acesso\/index.php?rest_route=\/wp\/v2\/users\/1"}],"replies":[{"embeddable":true,"href":"https:\/\/fotoplus.com\/acesso\/index.php?rest_route=%2Fwp%2Fv2%2Fcomments&post=203"}],"version-history":[{"count":1,"href":"https:\/\/fotoplus.com\/acesso\/index.php?rest_route=\/wp\/v2\/posts\/203\/revisions"}],"predecessor-version":[{"id":1092,"href":"https:\/\/fotoplus.com\/acesso\/index.php?rest_route=\/wp\/v2\/posts\/203\/revisions\/1092"}],"wp:attachment":[{"href":"https:\/\/fotoplus.com\/acesso\/index.php?rest_route=%2Fwp%2Fv2%2Fmedia&parent=203"}],"wp:term":[{"taxonomy":"category","embeddable":true,"href":"https:\/\/fotoplus.com\/acesso\/index.php?rest_route=%2Fwp%2Fv2%2Fcategories&post=203"},{"taxonomy":"post_tag","embeddable":true,"href":"https:\/\/fotoplus.com\/acesso\/index.php?rest_route=%2Fwp%2Fv2%2Ftags&post=203"}],"curies":[{"name":"wp","href":"https:\/\/api.w.org\/{rel}","templated":true}]}}