{"id":1263,"date":"2022-11-10T14:32:20","date_gmt":"2022-11-10T17:32:20","guid":{"rendered":"http:\/\/www.fotoplus.com\/acesso\/?p=1263"},"modified":"2022-11-10T14:36:50","modified_gmt":"2022-11-10T17:36:50","slug":"jornal-quilombo-vida-problemas-e-aspiracoes-do-negro-1948-1950","status":"publish","type":"post","link":"https:\/\/fotoplus.com\/acesso\/?p=1263","title":{"rendered":"Jornal &#8216;Quilombo: vida, problemas e aspira\u00e7\u00f5es do negro&#8217; (1948-1950)"},"content":{"rendered":"\n<p>Entre 1948 e 1950, o Teatro Experimental do Negro (TEN) editou o jornal <em>Quilombo<\/em>, coordenado por Abdias Nascimento.<br><br>Os exemplares est\u00e3o dispon\u00edveis no site do IPEAFRO (RJ), com acesso tamb\u00e9m pelo perfil da entidade no <em>Issuu.<\/em> Consulte tamb\u00e9m no site <em>O jornal Quilombo<\/em>, elaborado por Julia M. F. M. Fernandes para disserta\u00e7\u00e3o no Programa de P\u00f3s-Gradua\u00e7\u00e3o em Ensino de Hist\u00f3ria da UFPR, em 2020.<br><br><a rel=\"noreferrer noopener\" href=\"https:\/\/www.ojornalquilombo.com.br\" target=\"_blank\">https:\/\/www.ojornalquilombo.com.br<\/a> (consulta em: 10.11.2022)<\/p>\n\n\n\n<p>link direto: <a href=\"https:\/\/ipeafro.org.br\/acervo-digital\/leituras\/ten-publicacoes\/jornal-quilombo-no-01\/\" target=\"_blank\" rel=\"noreferrer noopener\">https:\/\/ipeafro.org.br\/acervo-digital\/leituras\/ten-publicacoes\/jornal-quilombo-no-01\/<\/a><\/p>\n\n\n\n<p>link gen\u00e9rico: <a rel=\"noreferrer noopener\" href=\"https:\/\/ipeafro.org.br\" target=\"_blank\">https:\/\/ipeafro.org.br<\/a><\/p>\n\n\n\n<p><\/p>\n\n\n\n<p>.inser\u00e7\u00e3o em: 2022.11.10 \u2013 RM<\/p>\n","protected":false},"excerpt":{"rendered":"<p>Entre 1948 e 1950, o Teatro Experimental do Negro (TEN) editou o jornal Quilombo, coordenado por Abdias Nascimento. Os exemplares est\u00e3o dispon\u00edveis no site do IPEAFRO (RJ), com acesso tamb\u00e9m pelo perfil da entidade no Issuu. Consulte tamb\u00e9m no site O jornal Quilombo, elaborado por Julia M. F. M. Fernandes para disserta\u00e7\u00e3o no Programa de &hellip; <a href=\"https:\/\/fotoplus.com\/acesso\/?p=1263\" class=\"more-link\">Continue lendo<span class=\"screen-reader-text\"> &#8220;Jornal &#8216;Quilombo: vida, problemas e aspira\u00e7\u00f5es do negro&#8217; (1948-1950)&#8221;<\/span><\/a><\/p>\n","protected":false},"author":2,"featured_media":0,"comment_status":"closed","ping_status":"closed","sticky":false,"template":"","format":"standard","meta":{"footnotes":""},"categories":[23,31,33],"tags":[251,111,144],"class_list":["post-1263","post","type-post","status-publish","format-standard","hentry","category-historia-brasil","category-imprensa-2","category-jornais","tag-abdias-nascimento","tag-imprensa-negra","tag-rio-de-janeiro-cidade-rj"],"_links":{"self":[{"href":"https:\/\/fotoplus.com\/acesso\/index.php?rest_route=\/wp\/v2\/posts\/1263","targetHints":{"allow":["GET"]}}],"collection":[{"href":"https:\/\/fotoplus.com\/acesso\/index.php?rest_route=\/wp\/v2\/posts"}],"about":[{"href":"https:\/\/fotoplus.com\/acesso\/index.php?rest_route=\/wp\/v2\/types\/post"}],"author":[{"embeddable":true,"href":"https:\/\/fotoplus.com\/acesso\/index.php?rest_route=\/wp\/v2\/users\/2"}],"replies":[{"embeddable":true,"href":"https:\/\/fotoplus.com\/acesso\/index.php?rest_route=%2Fwp%2Fv2%2Fcomments&post=1263"}],"version-history":[{"count":5,"href":"https:\/\/fotoplus.com\/acesso\/index.php?rest_route=\/wp\/v2\/posts\/1263\/revisions"}],"predecessor-version":[{"id":1271,"href":"https:\/\/fotoplus.com\/acesso\/index.php?rest_route=\/wp\/v2\/posts\/1263\/revisions\/1271"}],"wp:attachment":[{"href":"https:\/\/fotoplus.com\/acesso\/index.php?rest_route=%2Fwp%2Fv2%2Fmedia&parent=1263"}],"wp:term":[{"taxonomy":"category","embeddable":true,"href":"https:\/\/fotoplus.com\/acesso\/index.php?rest_route=%2Fwp%2Fv2%2Fcategories&post=1263"},{"taxonomy":"post_tag","embeddable":true,"href":"https:\/\/fotoplus.com\/acesso\/index.php?rest_route=%2Fwp%2Fv2%2Ftags&post=1263"}],"curies":[{"name":"wp","href":"https:\/\/api.w.org\/{rel}","templated":true}]}}