{"id":1228,"date":"2021-09-07T08:28:17","date_gmt":"2021-09-07T11:28:17","guid":{"rendered":"http:\/\/www.fotoplus.com\/acesso\/?p=1228"},"modified":"2021-09-07T08:34:05","modified_gmt":"2021-09-07T11:34:05","slug":"patrimonio-fotografico-nova-venecia-es","status":"publish","type":"post","link":"https:\/\/fotoplus.com\/acesso\/?p=1228","title":{"rendered":"Patrim\u00f4nio Fotogr\u00e1fico Nova Ven\u00e9cia (ES)"},"content":{"rendered":"\n<p>A parti de dezembro de 2018, o projeto <strong>Patrim\u00f4nio Fotogr\u00e1fico Nova Ven\u00e9cia <\/strong>(ES) oferece acesso ao respectivo acervo sobre mem\u00f3ria urbana do munic\u00edpio capixaba. O material de trabalho corresponde a um conjunto de 2.998 imagens do acervo da Biblioteca Municipal de Nova Ven\u00e9cia, produzidas entres 1960 e 2000.<br><br>O portal oferece uma exposi\u00e7\u00e3o a partir do acervo, bem com um cat\u00e1logo com planilhas Nobrade e acesso \u00e0s imagens.<br><br><\/p>\n\n\n\n<p>link direto: <a href=\"http:\/\/patrimoniofotograficonovavenecia.blogspot.com\/\" target=\"_blank\" rel=\"noreferrer noopener\">http:\/\/patrimoniofotograficonovavenecia.blogspot.com\/<\/a><\/p>\n\n\n\n<p>.inser\u00e7\u00e3o em: 2021.09.07 \u2013 RM<\/p>\n\n\n\n<p><\/p>\n\n\n\n<p><br><\/p>\n\n\n\n<p><br><\/p>\n","protected":false},"excerpt":{"rendered":"<p>A parti de dezembro de 2018, o projeto Patrim\u00f4nio Fotogr\u00e1fico Nova Ven\u00e9cia (ES) oferece acesso ao respectivo acervo sobre mem\u00f3ria urbana do munic\u00edpio capixaba. O material de trabalho corresponde a um conjunto de 2.998 imagens do acervo da Biblioteca Municipal de Nova Ven\u00e9cia, produzidas entres 1960 e 2000. O portal oferece uma exposi\u00e7\u00e3o a partir &hellip; <a href=\"https:\/\/fotoplus.com\/acesso\/?p=1228\" class=\"more-link\">Continue lendo<span class=\"screen-reader-text\"> &#8220;Patrim\u00f4nio Fotogr\u00e1fico Nova Ven\u00e9cia (ES)&#8221;<\/span><\/a><\/p>\n","protected":false},"author":2,"featured_media":0,"comment_status":"closed","ping_status":"closed","sticky":false,"template":"","format":"standard","meta":{"footnotes":""},"categories":[2,22,247],"tags":[248,249],"class_list":["post-1228","post","type-post","status-publish","format-standard","hentry","category-arquitetura","category-historia","category-historia-espirito-santo-historia-brasil","tag-memoria-urbana","tag-nova-venecia-es"],"_links":{"self":[{"href":"https:\/\/fotoplus.com\/acesso\/index.php?rest_route=\/wp\/v2\/posts\/1228","targetHints":{"allow":["GET"]}}],"collection":[{"href":"https:\/\/fotoplus.com\/acesso\/index.php?rest_route=\/wp\/v2\/posts"}],"about":[{"href":"https:\/\/fotoplus.com\/acesso\/index.php?rest_route=\/wp\/v2\/types\/post"}],"author":[{"embeddable":true,"href":"https:\/\/fotoplus.com\/acesso\/index.php?rest_route=\/wp\/v2\/users\/2"}],"replies":[{"embeddable":true,"href":"https:\/\/fotoplus.com\/acesso\/index.php?rest_route=%2Fwp%2Fv2%2Fcomments&post=1228"}],"version-history":[{"count":2,"href":"https:\/\/fotoplus.com\/acesso\/index.php?rest_route=\/wp\/v2\/posts\/1228\/revisions"}],"predecessor-version":[{"id":1230,"href":"https:\/\/fotoplus.com\/acesso\/index.php?rest_route=\/wp\/v2\/posts\/1228\/revisions\/1230"}],"wp:attachment":[{"href":"https:\/\/fotoplus.com\/acesso\/index.php?rest_route=%2Fwp%2Fv2%2Fmedia&parent=1228"}],"wp:term":[{"taxonomy":"category","embeddable":true,"href":"https:\/\/fotoplus.com\/acesso\/index.php?rest_route=%2Fwp%2Fv2%2Fcategories&post=1228"},{"taxonomy":"post_tag","embeddable":true,"href":"https:\/\/fotoplus.com\/acesso\/index.php?rest_route=%2Fwp%2Fv2%2Ftags&post=1228"}],"curies":[{"name":"wp","href":"https:\/\/api.w.org\/{rel}","templated":true}]}}