{"id":1175,"date":"2021-01-19T13:50:42","date_gmt":"2021-01-19T16:50:42","guid":{"rendered":"http:\/\/www.fotoplus.com\/acesso\/?p=1175"},"modified":"2021-01-19T16:32:06","modified_gmt":"2021-01-19T19:32:06","slug":"censos-demograficos-brasil","status":"publish","type":"post","link":"https:\/\/fotoplus.com\/acesso\/?p=1175","title":{"rendered":"Censos demogr\u00e1ficos &#8211; Brasil"},"content":{"rendered":"\n<p>A inten\u00e7\u00e3o \u00e9 apontar n\u00e3o s\u00f3 as bases e fontes sobre censos realizados no Brasil, em especial no s\u00e9culo XIX, mas destacar projetos de pesquisa e an\u00e1lise online.<br><br>.IBGE &#8211; link gen\u00e9rico: <a rel=\"noreferrer noopener\" href=\"https:\/\/biblioteca.ibge.gov.br\" target=\"_blank\">https:\/\/biblioteca.ibge.gov.br<\/a><\/p>\n\n\n\n<h2 class=\"wp-block-heading\"><strong>.1872 &#8211; Recenseamento Geral do Imp\u00e9rio<\/strong><\/h2>\n\n\n\n<p>Inclui dados por ocupa\u00e7\u00e3o em n\u00edvel sum\u00e1rio, <strong>pessoas com defici\u00eancia<\/strong> etc<br><\/p>\n\n\n\n<p>.<strong>IBGE: biblioteca<\/strong><br><a rel=\"noreferrer noopener\" href=\"https:\/\/biblioteca.ibge.gov.br\/biblioteca-catalogo?id=225477&amp;view=detalhes\" target=\"_blank\">https:\/\/biblioteca.ibge.gov.br\/biblioteca-catalogo?id=225477&amp;view=detalhes<\/a><br><a rel=\"noreferrer noopener\" href=\"https:\/\/biblioteca.ibge.gov.br\" target=\"_blank\">https:\/\/biblioteca.ibge.gov.br<\/a> (gen\u00e9rico)<br>Edi\u00e7\u00e3o G.Leuzinger, [1874], 12v. (download, por volume)<br><br><br><strong>.UFMG &#8211; Cedeplar &#8211; NEHED &#8211; N\u00facleo de Pesquisa em Hist\u00f3ria Econ\u00f4mica e Demogr\u00e1fica<\/strong><br><a rel=\"noreferrer noopener\" href=\"http:\/\/www.nphed.cedeplar.ufmg.br\/\" target=\"_blank\">http:\/\/www.nphed.cedeplar.ufmg.br\/<\/a><br>Acesso online ou offline (download) com dados populacionais (2017)<\/p>\n","protected":false},"excerpt":{"rendered":"<p>A inten\u00e7\u00e3o \u00e9 apontar n\u00e3o s\u00f3 as bases e fontes sobre censos realizados no Brasil, em especial no s\u00e9culo XIX, mas destacar projetos de pesquisa e an\u00e1lise online. .IBGE &#8211; link gen\u00e9rico: https:\/\/biblioteca.ibge.gov.br .1872 &#8211; Recenseamento Geral do Imp\u00e9rio Inclui dados por ocupa\u00e7\u00e3o em n\u00edvel sum\u00e1rio, pessoas com defici\u00eancia etc .IBGE: bibliotecahttps:\/\/biblioteca.ibge.gov.br\/biblioteca-catalogo?id=225477&amp;view=detalheshttps:\/\/biblioteca.ibge.gov.br (gen\u00e9rico)Edi\u00e7\u00e3o G.Leuzinger, [1874], &hellip; <a href=\"https:\/\/fotoplus.com\/acesso\/?p=1175\" class=\"more-link\">Continue lendo<span class=\"screen-reader-text\"> &#8220;Censos demogr\u00e1ficos &#8211; Brasil&#8221;<\/span><\/a><\/p>\n","protected":false},"author":2,"featured_media":0,"comment_status":"closed","ping_status":"closed","sticky":false,"template":"","format":"standard","meta":{"footnotes":""},"categories":[243,18],"tags":[],"class_list":["post-1175","post","type-post","status-publish","format-standard","hentry","category-censos-brasileiros","category-estatisticas"],"_links":{"self":[{"href":"https:\/\/fotoplus.com\/acesso\/index.php?rest_route=\/wp\/v2\/posts\/1175","targetHints":{"allow":["GET"]}}],"collection":[{"href":"https:\/\/fotoplus.com\/acesso\/index.php?rest_route=\/wp\/v2\/posts"}],"about":[{"href":"https:\/\/fotoplus.com\/acesso\/index.php?rest_route=\/wp\/v2\/types\/post"}],"author":[{"embeddable":true,"href":"https:\/\/fotoplus.com\/acesso\/index.php?rest_route=\/wp\/v2\/users\/2"}],"replies":[{"embeddable":true,"href":"https:\/\/fotoplus.com\/acesso\/index.php?rest_route=%2Fwp%2Fv2%2Fcomments&post=1175"}],"version-history":[{"count":9,"href":"https:\/\/fotoplus.com\/acesso\/index.php?rest_route=\/wp\/v2\/posts\/1175\/revisions"}],"predecessor-version":[{"id":1185,"href":"https:\/\/fotoplus.com\/acesso\/index.php?rest_route=\/wp\/v2\/posts\/1175\/revisions\/1185"}],"wp:attachment":[{"href":"https:\/\/fotoplus.com\/acesso\/index.php?rest_route=%2Fwp%2Fv2%2Fmedia&parent=1175"}],"wp:term":[{"taxonomy":"category","embeddable":true,"href":"https:\/\/fotoplus.com\/acesso\/index.php?rest_route=%2Fwp%2Fv2%2Fcategories&post=1175"},{"taxonomy":"post_tag","embeddable":true,"href":"https:\/\/fotoplus.com\/acesso\/index.php?rest_route=%2Fwp%2Fv2%2Ftags&post=1175"}],"curies":[{"name":"wp","href":"https:\/\/api.w.org\/{rel}","templated":true}]}}