{"id":1023,"date":"2020-07-16T04:39:45","date_gmt":"2020-07-16T07:39:45","guid":{"rendered":"http:\/\/www.fotoplus.com\/acesso\/?p=1023"},"modified":"2020-07-16T04:42:52","modified_gmt":"2020-07-16T07:42:52","slug":"sesc-digital-publicacoes-etc-sp","status":"publish","type":"post","link":"https:\/\/fotoplus.com\/acesso\/?p=1023","title":{"rendered":"SESC Digital: publica\u00e7\u00f5es etc (SP)"},"content":{"rendered":"\n<p>O Sesc S\u00e3o Paulo disponibilizou em junho de 2020 o portal para download de publica\u00e7\u00f5es, cat\u00e1logos e outros produtos, gratuitamente, em artes visuais, literatura etc.<\/p>\n\n\n\n<p>.<strong>link direto<\/strong>: <a href=\"https:\/\/sesc.digital\/categorias\/artes-visuais?\">https:\/\/sesc.digital\/categorias\/artes-visuais?<\/a><\/p>\n\n\n\n<p>.l<strong>ink gen\u00e9rico<\/strong>:  <a href=\"https:\/\/sesc.digital\">https:\/\/sesc.digital<\/a><\/p>\n\n\n\n<p>. <strong>inser\u00e7\u00e3o em<\/strong>: 2020.07.16\u2013 RM   <\/p>\n","protected":false},"excerpt":{"rendered":"<p>O Sesc S\u00e3o Paulo disponibilizou em junho de 2020 o portal para download de publica\u00e7\u00f5es, cat\u00e1logos e outros produtos, gratuitamente, em artes visuais, literatura etc. .link direto: https:\/\/sesc.digital\/categorias\/artes-visuais? .link gen\u00e9rico: https:\/\/sesc.digital . inser\u00e7\u00e3o em: 2020.07.16\u2013 RM<\/p>\n","protected":false},"author":1,"featured_media":0,"comment_status":"closed","ping_status":"closed","sticky":false,"template":"","format":"standard","meta":{"footnotes":""},"categories":[3,5,35],"tags":[238,237],"class_list":["post-1023","post","type-post","status-publish","format-standard","hentry","category-artes-cenicas","category-artes-visuais","category-livros","tag-pandemia","tag-sesc-sp"],"_links":{"self":[{"href":"https:\/\/fotoplus.com\/acesso\/index.php?rest_route=\/wp\/v2\/posts\/1023","targetHints":{"allow":["GET"]}}],"collection":[{"href":"https:\/\/fotoplus.com\/acesso\/index.php?rest_route=\/wp\/v2\/posts"}],"about":[{"href":"https:\/\/fotoplus.com\/acesso\/index.php?rest_route=\/wp\/v2\/types\/post"}],"author":[{"embeddable":true,"href":"https:\/\/fotoplus.com\/acesso\/index.php?rest_route=\/wp\/v2\/users\/1"}],"replies":[{"embeddable":true,"href":"https:\/\/fotoplus.com\/acesso\/index.php?rest_route=%2Fwp%2Fv2%2Fcomments&post=1023"}],"version-history":[{"count":2,"href":"https:\/\/fotoplus.com\/acesso\/index.php?rest_route=\/wp\/v2\/posts\/1023\/revisions"}],"predecessor-version":[{"id":1026,"href":"https:\/\/fotoplus.com\/acesso\/index.php?rest_route=\/wp\/v2\/posts\/1023\/revisions\/1026"}],"wp:attachment":[{"href":"https:\/\/fotoplus.com\/acesso\/index.php?rest_route=%2Fwp%2Fv2%2Fmedia&parent=1023"}],"wp:term":[{"taxonomy":"category","embeddable":true,"href":"https:\/\/fotoplus.com\/acesso\/index.php?rest_route=%2Fwp%2Fv2%2Fcategories&post=1023"},{"taxonomy":"post_tag","embeddable":true,"href":"https:\/\/fotoplus.com\/acesso\/index.php?rest_route=%2Fwp%2Fv2%2Ftags&post=1023"}],"curies":[{"name":"wp","href":"https:\/\/api.w.org\/{rel}","templated":true}]}}